{"id":20661,"date":"2024-11-21T11:57:39","date_gmt":"2024-11-21T16:57:39","guid":{"rendered":"https:\/\/ccli.ubc.ca\/?p=20661"},"modified":"2024-11-21T14:30:22","modified_gmt":"2024-11-21T19:30:22","slug":"la-semaine-canadienne-dechanges-sur-le-climat","status":"publish","type":"post","link":"https:\/\/ccli.ubc.ca\/fr\/la-semaine-canadienne-dechanges-sur-le-climat\/","title":{"rendered":"La Semaine canadienne d\u2019\u00e9changes sur le climat, une nouvelle initiative visant \u00e0 promouvoir la collaboration crois\u00e9e face aux d\u00e9fis climatiques au Canada"},"content":{"rendered":"\n<h4 class=\"wp-block-heading\"><strong><em>Cr\u00e9\u00e9e par la Bourse de Toronto et d\u2019autres organisations nationales, la Semaine canadienne d\u2019\u00e9changes sur le climat est une initiative quinquennale qui choisit et promeut divers \u00e9v\u00e9nements ax\u00e9s sur les conditions et les perspectives propres au Canada sur le plan climatique<\/em><\/strong><\/h4>\n\n\n\n<p id=\"viewer-ahict\">TORONTO, le 21 novembre 2024. \u2013 La Semaine canadienne d\u2019\u00e9changes sur le climat (SCEC) est une nouvelle initiative d\u2019une dur\u00e9e de cinq ans dont la mission est de rassembler diverses organisations en vue d\u2019appuyer l\u2019engagement du Canada envers des r\u00e9ductions importantes des \u00e9missions de gaz \u00e0 effet de serre (GES) d\u2019ici 2030, au moyen d\u2019\u00e9v\u00e9nements ax\u00e9s sur les enjeux et les occasions li\u00e9s au climat au Canada.<\/p>\n\n\n\n<p id=\"viewer-auwfh583\">La SCEC est issue d\u2019une collaboration entre la Bourse de Toronto, l\u2019Initiative canadienne de droit climatique, CPA Canada, the First Nations Financial Management Board (FMB), GLOBE Series et l\u2019Association pour l\u2019investissement responsable (AIR). Les organisations canadiennes et les particuliers canadiens sont invit\u00e9s \u00e0 soumettre une demande d\u2019inscription de leur \u00e9v\u00e9nement au menu de la premi\u00e8re \u00e9dition de la SCEC, qui se d\u00e9roulera du&nbsp;24 au 30&nbsp;novembre 2025.<\/p>\n\n\n\n<p id=\"viewer-lkcqo587\">\u00ab&nbsp;Le succ\u00e8s des efforts climatiques exigera une collaboration soutenue entre les organisations partout au pays, y compris les soci\u00e9t\u00e9s canadiennes inscrites. La Bourse de Toronto est ravie de travailler avec ses membres fondateurs afin de veiller \u00e0 ce qu\u2019une vari\u00e9t\u00e9 de voix soient repr\u00e9sent\u00e9es pour mettre en \u0153uvre une action climatique efficace&nbsp;\u00bb, souligne Eliza Riego, directrice g\u00e9n\u00e9rale, Innovation en mati\u00e8re de produits et strat\u00e9gie ESG, Bourse de Toronto.<\/p>\n\n\n\n<p id=\"viewer-2n8nr591\"><strong>\u00ab\u00a0Il faut encourager les \u00e9changes sur les changements climatiques afin d\u2019aider les entreprises, les autorit\u00e9s de r\u00e9glementation et le public \u00e0 prendre des d\u00e9cisions \u00e9clair\u00e9es qui favoriseront la transition du Canada vers une \u00e9conomie carboneutre. La SCEC offre un forum essentiel pour ces discussions et ces actions gr\u00e2ce \u00e0 une semaine compl\u00e8te d\u2019\u00e9v\u00e9nements d\u2019importance partout au pays\u00a0\u00bb, relate Sonia Li\u00a0Trottier, directrice de l\u2019Initiative canadienne de droit climatique.<\/strong><\/p>\n\n\n\n<p id=\"viewer-2n8nr591\">\u00ab&nbsp;CPA Canada est fier d\u2019\u00eatre un membre fondateur de la SCEC et de participer \u00e0 une action concert\u00e9e et avis\u00e9e touchant les enjeux climatiques dans tout l\u2019\u00e9cosyst\u00e8me financier et comptable canadien. Notre organisation appuie depuis longtemps les comptables professionnels agr\u00e9\u00e9s (CPA) et l\u2019ensemble du milieu des affaires gr\u00e2ce \u00e0 des conseils pratiques et un leadership \u00e9clair\u00e9 sur les sujets allant de la comptabilit\u00e9 des \u00e9missions \u00e0 la mise en \u0153uvre de normes de durabilit\u00e9 et aux march\u00e9s de compensation volontaire du carbone. Nous sommes enthousiastes \u00e0 l\u2019id\u00e9e de contribuer \u00e0 ce qui sera certainement un forum mobilisateur et enrichissant&nbsp;\u00bb, d\u00e9clare pour sa part Pamela Steer, pr\u00e9sidente et chef de la direction de CPA Canada.<\/p>\n\n\n\n<p id=\"viewer-bkv29595\">\u00ab&nbsp;Il est important pour les organisations des Premi\u00e8res Nations comme le Conseil de gestion financi\u00e8re (CGF) des Premi\u00e8res Nations, de participer \u00e0 la SCEC, car les Premi\u00e8res Nations, qui seront affect\u00e9es de fa\u00e7on disproportionn\u00e9e par les changements climatiques, sont exceptionnellement bien positionn\u00e9es pour jouer un r\u00f4le cl\u00e9 dans la qu\u00eate de solutions. Les \u00e9v\u00e9nements qui d\u00e9couleront de cette initiative fourniront une plateforme cruciale qui mettra en \u00e9vidence les investissements n\u00e9cessaires \u00e0 la mise en place de mesures d\u2019adaptation au climat dans les collectivit\u00e9s des Premi\u00e8res Nations, ainsi que le r\u00f4le essentiel que peuvent jouer les Premi\u00e8res Nations dans la cha\u00eene d\u2019approvisionnement visant \u00e0 g\u00e9n\u00e9rer des technologies plus vertes.&nbsp;\u00bb \u2013 Harold Calla, pr\u00e9sident ex\u00e9cutif, CGF<\/p>\n\n\n\n<p id=\"viewer-3ie9h599\">\u00ab&nbsp;GLOBE Series r\u00e9unit depuis de nombreuses d\u00e9cennies des personnes et des perspectives vari\u00e9es ayant pour mission la mise en \u0153uvre d\u2019une action climatique au Canada. \u00c0 titre de membre fondateur de la SCEC, nous sommes ravis de participer \u00e0 cet effort concert\u00e9 qui mettra en relief le leadership du Canada \u00e0 l\u2019\u00e9gard des enjeux climatiques. Il n\u2019y a pas de temps \u00e0 perdre, et la SCEC est l\u2019occasion r\u00eav\u00e9e d\u2019acc\u00e9l\u00e9rer la recherche de solutions novatrices afin de transformer nos d\u00e9fis les plus grands en v\u00e9ritables possibilit\u00e9s&nbsp;\u00bb, de rappeler Elizabeth (Shirt) Gamble, pr\u00e9sidente de GLOBE Series.<\/p>\n\n\n\n<p id=\"viewer-9gwhg601\"><\/p>\n\n\n\n<p id=\"viewer-1wirb603\">\u00ab&nbsp;Il est important pour le Canada de tenir une semaine de discussions sur les occasions et les d\u00e9fis particuliers que repr\u00e9sentent les changements climatiques pour notre syst\u00e8me financier. L\u2019AIR se fait la voix du milieu de l\u2019investissement responsable au Canada en restant particuli\u00e8rement \u00e0 l\u2019aff\u00fbt de ces consid\u00e9rations critiques et de la transition n\u00e9cessaire de l\u2019\u00e9conomie canadienne vers la carboneutralit\u00e9. Il s\u2019agit l\u00e0 d\u2019une concertation essentielle qui arrive \u00e0 point pour tenir ces discussions au sein de tous les secteurs. Aucun investisseur ni aucun secteur ne pourrait y arriver seul. Nous devons collaborer et la SCEC nous offrira la tribune id\u00e9ale pour ce faire&nbsp;\u00bb, termine Patricia Fletcher, chef de la direction de l\u2019Association pour l\u2019investissement responsable.<\/p>\n\n\n\n<p id=\"viewer-55orb607\">Pour en apprendre davantage au sujet de la Semaine canadienne d\u2019\u00e9changes sur le climat ou pour d\u00e9poser une demande d\u2019organisation d\u2019un \u00e9v\u00e9nement lors de la SCEC de 2025, veuillez visiter le&nbsp;<a href=\"http:\/\/www.ccwx.ca\/fr\" target=\"_blank\" rel=\"noreferrer noopener\"><u>www.ccwx.ca\/fr<\/u><\/a>.<\/p>\n\n\n\n<p id=\"viewer-gr1r0614\">Veuillez adresser vos questions, y compris les demandes des m\u00e9dias, \u00e0 <a href=\"mailto:info@ccwx.ca\" target=\"_blank\" rel=\"noreferrer noopener\"><u>info@ccwx.ca<\/u><\/a>.<\/p>\n\n\n\n<p id=\"viewer-877vo620\"><strong>\u00c0 propos de la SCEC<\/strong><\/p>\n\n\n\n<p id=\"viewer-9kch5622\">La Semaine canadienne d\u2019\u00e9changes sur le climat (SCEC) est une initiative annuelle qui consacre une semaine enti\u00e8re \u00e0 la collaboration crois\u00e9e sur les questions li\u00e9es au climat \u00e0 l\u2019\u00e9chelle nationale. La SCEC choisit et promeut toute une gamme d\u2019\u00e9v\u00e9nements accessibles ax\u00e9s sur les actions concr\u00e8tes visant \u00e0 acc\u00e9l\u00e9rer les progr\u00e8s qui favoriseront le changement. La premi\u00e8re semaine de la SCEC se tiendra du&nbsp;24 au 30&nbsp;novembre 2025. Pour obtenir plus de renseignements, visitez le <a href=\"http:\/\/www.ccwx.ca\/fr\" target=\"_blank\" rel=\"noreferrer noopener\"><u>www.ccwx.ca\/fr<\/u><\/a>.<\/p>\n","protected":false},"excerpt":{"rendered":"<p>Cr\u00e9\u00e9e par la Bourse de Toronto et d\u2019autres organisations nationales, la Semaine canadienne d\u2019\u00e9changes sur le climat est une initiative quinquennale qui choisit et promeut divers \u00e9v\u00e9nements ax\u00e9s sur les conditions et les perspectives propres au Canada sur le plan climatique TORONTO, le 21 novembre 2024. \u2013 La Semaine canadienne d\u2019\u00e9changes sur le climat (SCEC) [&hellip;]<\/p>\n","protected":false},"author":6,"featured_media":20637,"comment_status":"closed","ping_status":"open","sticky":false,"template":"","format":"standard","meta":{"_acf_changed":false,"footnotes":""},"categories":[63],"tags":[],"class_list":["post-20661","post","type-post","status-publish","format-standard","has-post-thumbnail","hentry","category-communique-fr"],"acf":[],"yoast_head":"<!-- This site is optimized with the Yoast SEO plugin v27.5 - https:\/\/yoast.com\/product\/yoast-seo-wordpress\/ -->\n<title>La Semaine canadienne d\u2019\u00e9changes sur le climat, une nouvelle initiative visant \u00e0 promouvoir la collaboration crois\u00e9e face aux d\u00e9fis climatiques au Canada - Canada Climate Law Initiative<\/title>\n<meta name=\"description\" content=\"La Semaine canadienne d\u2019\u00e9changes sur le climat (SCEC) est une nouvelle initiative d\u2019une dur\u00e9e de cinq ans dont la mission est de rassembler diverses organisations en vue d\u2019appuyer l\u2019engagement du Canada envers des r\u00e9ductions importantes des \u00e9missions de gaz \u00e0 effet de serre (GES) d\u2019ici 2030, au moyen d\u2019\u00e9v\u00e9nements ax\u00e9s sur les enjeux et les occasions li\u00e9s au climat au Canada.\" \/>\n<meta name=\"robots\" content=\"index, follow, max-snippet:-1, max-image-preview:large, max-video-preview:-1\" \/>\n<link rel=\"canonical\" href=\"https:\/\/ccli.ubc.ca\/fr\/la-semaine-canadienne-dechanges-sur-le-climat\/\" \/>\n<meta property=\"og:locale\" content=\"fr_FR\" \/>\n<meta property=\"og:type\" content=\"article\" \/>\n<meta property=\"og:title\" content=\"La Semaine canadienne d\u2019\u00e9changes sur le climat, une nouvelle initiative visant \u00e0 promouvoir la collaboration crois\u00e9e face aux d\u00e9fis climatiques au Canada\" \/>\n<meta property=\"og:description\" content=\"La Semaine canadienne d\u2019\u00e9changes sur le climat (SCEC) est une nouvelle initiative d\u2019une dur\u00e9e de cinq ans dont la mission est de rassembler diverses organisations en vue d\u2019appuyer l\u2019engagement du Canada envers des r\u00e9ductions importantes des \u00e9missions de gaz \u00e0 effet de serre (GES) d\u2019ici 2030, au moyen d\u2019\u00e9v\u00e9nements ax\u00e9s sur les enjeux et les occasions li\u00e9s au climat au Canada.\" \/>\n<meta property=\"og:url\" content=\"https:\/\/ccli.ubc.ca\/fr\/la-semaine-canadienne-dechanges-sur-le-climat\/\" \/>\n<meta property=\"og:site_name\" content=\"Canada Climate Law Initiative\" \/>\n<meta property=\"article:published_time\" content=\"2024-11-21T16:57:39+00:00\" \/>\n<meta property=\"article:modified_time\" content=\"2024-11-21T19:30:22+00:00\" \/>\n<meta property=\"og:image\" content=\"https:\/\/ccli.ubc.ca\/wp-content\/uploads\/2024\/11\/anna-newell-7ZBZHaw6L_c-unsplash-scaled.jpg\" \/>\n\t<meta property=\"og:image:width\" content=\"2560\" \/>\n\t<meta property=\"og:image:height\" content=\"1707\" \/>\n\t<meta property=\"og:image:type\" content=\"image\/jpeg\" \/>\n<meta name=\"author\" content=\"Media\" \/>\n<meta name=\"twitter:card\" content=\"summary_large_image\" \/>\n<meta name=\"twitter:title\" content=\"La Semaine canadienne d\u2019\u00e9changes sur le climat, une nouvelle initiative visant \u00e0 promouvoir la collaboration crois\u00e9e face aux d\u00e9fis climatiques au Canada\" \/>\n<meta name=\"twitter:description\" content=\"La Semaine canadienne d\u2019\u00e9changes sur le climat (SCEC) est une nouvelle initiative d\u2019une dur\u00e9e de cinq ans dont la mission est de rassembler diverses organisations en vue d\u2019appuyer l\u2019engagement du Canada envers des r\u00e9ductions importantes des \u00e9missions de gaz \u00e0 effet de serre (GES) d\u2019ici 2030, au moyen d\u2019\u00e9v\u00e9nements ax\u00e9s sur les enjeux et les occasions li\u00e9s au climat au Canada.\" \/>\n<meta name=\"twitter:image\" content=\"https:\/\/ccli.ubc.ca\/wp-content\/uploads\/2024\/11\/anna-newell-7ZBZHaw6L_c-unsplash-scaled.jpg\" \/>\n<meta name=\"twitter:label1\" content=\"\u00c9crit par\" \/>\n\t<meta name=\"twitter:data1\" content=\"Media\" \/>\n\t<meta name=\"twitter:label2\" content=\"Dur\u00e9e de lecture estim\u00e9e\" \/>\n\t<meta name=\"twitter:data2\" content=\"1 minute\" \/>\n<script type=\"application\/ld+json\" class=\"yoast-schema-graph\">{\"@context\":\"https:\\\/\\\/schema.org\",\"@graph\":[{\"@type\":\"Article\",\"@id\":\"https:\\\/\\\/ccli.ubc.ca\\\/fr\\\/la-semaine-canadienne-dechanges-sur-le-climat\\\/#article\",\"isPartOf\":{\"@id\":\"https:\\\/\\\/ccli.ubc.ca\\\/fr\\\/la-semaine-canadienne-dechanges-sur-le-climat\\\/\"},\"author\":{\"name\":\"Media\",\"@id\":\"https:\\\/\\\/ccli.ubc.ca\\\/#\\\/schema\\\/person\\\/544ea347ab0b661f84b9d76611420057\"},\"headline\":\"La Semaine canadienne d\u2019\u00e9changes sur le climat, une nouvelle initiative visant \u00e0 promouvoir la collaboration crois\u00e9e face aux d\u00e9fis climatiques au Canada\",\"datePublished\":\"2024-11-21T16:57:39+00:00\",\"dateModified\":\"2024-11-21T19:30:22+00:00\",\"mainEntityOfPage\":{\"@id\":\"https:\\\/\\\/ccli.ubc.ca\\\/fr\\\/la-semaine-canadienne-dechanges-sur-le-climat\\\/\"},\"wordCount\":1022,\"image\":{\"@id\":\"https:\\\/\\\/ccli.ubc.ca\\\/fr\\\/la-semaine-canadienne-dechanges-sur-le-climat\\\/#primaryimage\"},\"thumbnailUrl\":\"https:\\\/\\\/ccli.ubc.ca\\\/wp-content\\\/uploads\\\/2024\\\/11\\\/anna-newell-7ZBZHaw6L_c-unsplash-scaled.jpg\",\"articleSection\":[\"Communiqu\u00e9\"],\"inLanguage\":\"fr-FR\"},{\"@type\":\"WebPage\",\"@id\":\"https:\\\/\\\/ccli.ubc.ca\\\/fr\\\/la-semaine-canadienne-dechanges-sur-le-climat\\\/\",\"url\":\"https:\\\/\\\/ccli.ubc.ca\\\/fr\\\/la-semaine-canadienne-dechanges-sur-le-climat\\\/\",\"name\":\"La Semaine canadienne d\u2019\u00e9changes sur le climat, une nouvelle initiative visant \u00e0 promouvoir la collaboration crois\u00e9e face aux d\u00e9fis climatiques au Canada - Canada Climate Law Initiative\",\"isPartOf\":{\"@id\":\"https:\\\/\\\/ccli.ubc.ca\\\/#website\"},\"primaryImageOfPage\":{\"@id\":\"https:\\\/\\\/ccli.ubc.ca\\\/fr\\\/la-semaine-canadienne-dechanges-sur-le-climat\\\/#primaryimage\"},\"image\":{\"@id\":\"https:\\\/\\\/ccli.ubc.ca\\\/fr\\\/la-semaine-canadienne-dechanges-sur-le-climat\\\/#primaryimage\"},\"thumbnailUrl\":\"https:\\\/\\\/ccli.ubc.ca\\\/wp-content\\\/uploads\\\/2024\\\/11\\\/anna-newell-7ZBZHaw6L_c-unsplash-scaled.jpg\",\"datePublished\":\"2024-11-21T16:57:39+00:00\",\"dateModified\":\"2024-11-21T19:30:22+00:00\",\"author\":{\"@id\":\"https:\\\/\\\/ccli.ubc.ca\\\/#\\\/schema\\\/person\\\/544ea347ab0b661f84b9d76611420057\"},\"description\":\"La Semaine canadienne d\u2019\u00e9changes sur le climat (SCEC) est une nouvelle initiative d\u2019une dur\u00e9e de cinq ans dont la mission est de rassembler diverses organisations en vue d\u2019appuyer l\u2019engagement du Canada envers des r\u00e9ductions importantes des \u00e9missions de gaz \u00e0 effet de serre (GES) d\u2019ici 2030, au moyen d\u2019\u00e9v\u00e9nements ax\u00e9s sur les enjeux et les occasions li\u00e9s au climat au Canada.\",\"breadcrumb\":{\"@id\":\"https:\\\/\\\/ccli.ubc.ca\\\/fr\\\/la-semaine-canadienne-dechanges-sur-le-climat\\\/#breadcrumb\"},\"inLanguage\":\"fr-FR\",\"potentialAction\":[{\"@type\":\"ReadAction\",\"target\":[\"https:\\\/\\\/ccli.ubc.ca\\\/fr\\\/la-semaine-canadienne-dechanges-sur-le-climat\\\/\"]}]},{\"@type\":\"ImageObject\",\"inLanguage\":\"fr-FR\",\"@id\":\"https:\\\/\\\/ccli.ubc.ca\\\/fr\\\/la-semaine-canadienne-dechanges-sur-le-climat\\\/#primaryimage\",\"url\":\"https:\\\/\\\/ccli.ubc.ca\\\/wp-content\\\/uploads\\\/2024\\\/11\\\/anna-newell-7ZBZHaw6L_c-unsplash-scaled.jpg\",\"contentUrl\":\"https:\\\/\\\/ccli.ubc.ca\\\/wp-content\\\/uploads\\\/2024\\\/11\\\/anna-newell-7ZBZHaw6L_c-unsplash-scaled.jpg\",\"width\":2560,\"height\":1707},{\"@type\":\"BreadcrumbList\",\"@id\":\"https:\\\/\\\/ccli.ubc.ca\\\/fr\\\/la-semaine-canadienne-dechanges-sur-le-climat\\\/#breadcrumb\",\"itemListElement\":[{\"@type\":\"ListItem\",\"position\":1,\"name\":\"Home\",\"item\":\"https:\\\/\\\/ccli.ubc.ca\\\/fr\\\/\"},{\"@type\":\"ListItem\",\"position\":2,\"name\":\"La Semaine canadienne d\u2019\u00e9changes sur le climat, une nouvelle initiative visant \u00e0 promouvoir la collaboration crois\u00e9e face aux d\u00e9fis climatiques au Canada\"}]},{\"@type\":\"WebSite\",\"@id\":\"https:\\\/\\\/ccli.ubc.ca\\\/#website\",\"url\":\"https:\\\/\\\/ccli.ubc.ca\\\/\",\"name\":\"Canada Climate Law Initiative\",\"description\":\"Understand climate-related risks and opportunities\",\"potentialAction\":[{\"@type\":\"SearchAction\",\"target\":{\"@type\":\"EntryPoint\",\"urlTemplate\":\"https:\\\/\\\/ccli.ubc.ca\\\/?s={search_term_string}\"},\"query-input\":{\"@type\":\"PropertyValueSpecification\",\"valueRequired\":true,\"valueName\":\"search_term_string\"}}],\"inLanguage\":\"fr-FR\"},{\"@type\":\"Person\",\"@id\":\"https:\\\/\\\/ccli.ubc.ca\\\/#\\\/schema\\\/person\\\/544ea347ab0b661f84b9d76611420057\",\"name\":\"Media\",\"image\":{\"@type\":\"ImageObject\",\"inLanguage\":\"fr-FR\",\"@id\":\"https:\\\/\\\/secure.gravatar.com\\\/avatar\\\/af99ec6691026592c6060b6fe4598acb97e88bc35effa29beacc99dc0afb8601?s=96&d=mm&r=g\",\"url\":\"https:\\\/\\\/secure.gravatar.com\\\/avatar\\\/af99ec6691026592c6060b6fe4598acb97e88bc35effa29beacc99dc0afb8601?s=96&d=mm&r=g\",\"contentUrl\":\"https:\\\/\\\/secure.gravatar.com\\\/avatar\\\/af99ec6691026592c6060b6fe4598acb97e88bc35effa29beacc99dc0afb8601?s=96&d=mm&r=g\",\"caption\":\"Media\"},\"url\":\"https:\\\/\\\/ccli.ubc.ca\\\/fr\\\/author\\\/ccli\\\/\"}]}<\/script>\n<!-- \/ Yoast SEO plugin. -->","yoast_head_json":{"title":"La Semaine canadienne d\u2019\u00e9changes sur le climat, une nouvelle initiative visant \u00e0 promouvoir la collaboration crois\u00e9e face aux d\u00e9fis climatiques au Canada - Canada Climate Law Initiative","description":"La Semaine canadienne d\u2019\u00e9changes sur le climat (SCEC) est une nouvelle initiative d\u2019une dur\u00e9e de cinq ans dont la mission est de rassembler diverses organisations en vue d\u2019appuyer l\u2019engagement du Canada envers des r\u00e9ductions importantes des \u00e9missions de gaz \u00e0 effet de serre (GES) d\u2019ici 2030, au moyen d\u2019\u00e9v\u00e9nements ax\u00e9s sur les enjeux et les occasions li\u00e9s au climat au Canada.","robots":{"index":"index","follow":"follow","max-snippet":"max-snippet:-1","max-image-preview":"max-image-preview:large","max-video-preview":"max-video-preview:-1"},"canonical":"https:\/\/ccli.ubc.ca\/fr\/la-semaine-canadienne-dechanges-sur-le-climat\/","og_locale":"fr_FR","og_type":"article","og_title":"La Semaine canadienne d\u2019\u00e9changes sur le climat, une nouvelle initiative visant \u00e0 promouvoir la collaboration crois\u00e9e face aux d\u00e9fis climatiques au Canada","og_description":"La Semaine canadienne d\u2019\u00e9changes sur le climat (SCEC) est une nouvelle initiative d\u2019une dur\u00e9e de cinq ans dont la mission est de rassembler diverses organisations en vue d\u2019appuyer l\u2019engagement du Canada envers des r\u00e9ductions importantes des \u00e9missions de gaz \u00e0 effet de serre (GES) d\u2019ici 2030, au moyen d\u2019\u00e9v\u00e9nements ax\u00e9s sur les enjeux et les occasions li\u00e9s au climat au Canada.","og_url":"https:\/\/ccli.ubc.ca\/fr\/la-semaine-canadienne-dechanges-sur-le-climat\/","og_site_name":"Canada Climate Law Initiative","article_published_time":"2024-11-21T16:57:39+00:00","article_modified_time":"2024-11-21T19:30:22+00:00","og_image":[{"width":2560,"height":1707,"url":"https:\/\/ccli.ubc.ca\/wp-content\/uploads\/2024\/11\/anna-newell-7ZBZHaw6L_c-unsplash-scaled.jpg","type":"image\/jpeg"}],"author":"Media","twitter_card":"summary_large_image","twitter_title":"La Semaine canadienne d\u2019\u00e9changes sur le climat, une nouvelle initiative visant \u00e0 promouvoir la collaboration crois\u00e9e face aux d\u00e9fis climatiques au Canada","twitter_description":"La Semaine canadienne d\u2019\u00e9changes sur le climat (SCEC) est une nouvelle initiative d\u2019une dur\u00e9e de cinq ans dont la mission est de rassembler diverses organisations en vue d\u2019appuyer l\u2019engagement du Canada envers des r\u00e9ductions importantes des \u00e9missions de gaz \u00e0 effet de serre (GES) d\u2019ici 2030, au moyen d\u2019\u00e9v\u00e9nements ax\u00e9s sur les enjeux et les occasions li\u00e9s au climat au Canada.","twitter_image":"https:\/\/ccli.ubc.ca\/wp-content\/uploads\/2024\/11\/anna-newell-7ZBZHaw6L_c-unsplash-scaled.jpg","twitter_misc":{"\u00c9crit par":"Media","Dur\u00e9e de lecture estim\u00e9e":"1 minute"},"schema":{"@context":"https:\/\/schema.org","@graph":[{"@type":"Article","@id":"https:\/\/ccli.ubc.ca\/fr\/la-semaine-canadienne-dechanges-sur-le-climat\/#article","isPartOf":{"@id":"https:\/\/ccli.ubc.ca\/fr\/la-semaine-canadienne-dechanges-sur-le-climat\/"},"author":{"name":"Media","@id":"https:\/\/ccli.ubc.ca\/#\/schema\/person\/544ea347ab0b661f84b9d76611420057"},"headline":"La Semaine canadienne d\u2019\u00e9changes sur le climat, une nouvelle initiative visant \u00e0 promouvoir la collaboration crois\u00e9e face aux d\u00e9fis climatiques au Canada","datePublished":"2024-11-21T16:57:39+00:00","dateModified":"2024-11-21T19:30:22+00:00","mainEntityOfPage":{"@id":"https:\/\/ccli.ubc.ca\/fr\/la-semaine-canadienne-dechanges-sur-le-climat\/"},"wordCount":1022,"image":{"@id":"https:\/\/ccli.ubc.ca\/fr\/la-semaine-canadienne-dechanges-sur-le-climat\/#primaryimage"},"thumbnailUrl":"https:\/\/ccli.ubc.ca\/wp-content\/uploads\/2024\/11\/anna-newell-7ZBZHaw6L_c-unsplash-scaled.jpg","articleSection":["Communiqu\u00e9"],"inLanguage":"fr-FR"},{"@type":"WebPage","@id":"https:\/\/ccli.ubc.ca\/fr\/la-semaine-canadienne-dechanges-sur-le-climat\/","url":"https:\/\/ccli.ubc.ca\/fr\/la-semaine-canadienne-dechanges-sur-le-climat\/","name":"La Semaine canadienne d\u2019\u00e9changes sur le climat, une nouvelle initiative visant \u00e0 promouvoir la collaboration crois\u00e9e face aux d\u00e9fis climatiques au Canada - Canada Climate Law Initiative","isPartOf":{"@id":"https:\/\/ccli.ubc.ca\/#website"},"primaryImageOfPage":{"@id":"https:\/\/ccli.ubc.ca\/fr\/la-semaine-canadienne-dechanges-sur-le-climat\/#primaryimage"},"image":{"@id":"https:\/\/ccli.ubc.ca\/fr\/la-semaine-canadienne-dechanges-sur-le-climat\/#primaryimage"},"thumbnailUrl":"https:\/\/ccli.ubc.ca\/wp-content\/uploads\/2024\/11\/anna-newell-7ZBZHaw6L_c-unsplash-scaled.jpg","datePublished":"2024-11-21T16:57:39+00:00","dateModified":"2024-11-21T19:30:22+00:00","author":{"@id":"https:\/\/ccli.ubc.ca\/#\/schema\/person\/544ea347ab0b661f84b9d76611420057"},"description":"La Semaine canadienne d\u2019\u00e9changes sur le climat (SCEC) est une nouvelle initiative d\u2019une dur\u00e9e de cinq ans dont la mission est de rassembler diverses organisations en vue d\u2019appuyer l\u2019engagement du Canada envers des r\u00e9ductions importantes des \u00e9missions de gaz \u00e0 effet de serre (GES) d\u2019ici 2030, au moyen d\u2019\u00e9v\u00e9nements ax\u00e9s sur les enjeux et les occasions li\u00e9s au climat au Canada.","breadcrumb":{"@id":"https:\/\/ccli.ubc.ca\/fr\/la-semaine-canadienne-dechanges-sur-le-climat\/#breadcrumb"},"inLanguage":"fr-FR","potentialAction":[{"@type":"ReadAction","target":["https:\/\/ccli.ubc.ca\/fr\/la-semaine-canadienne-dechanges-sur-le-climat\/"]}]},{"@type":"ImageObject","inLanguage":"fr-FR","@id":"https:\/\/ccli.ubc.ca\/fr\/la-semaine-canadienne-dechanges-sur-le-climat\/#primaryimage","url":"https:\/\/ccli.ubc.ca\/wp-content\/uploads\/2024\/11\/anna-newell-7ZBZHaw6L_c-unsplash-scaled.jpg","contentUrl":"https:\/\/ccli.ubc.ca\/wp-content\/uploads\/2024\/11\/anna-newell-7ZBZHaw6L_c-unsplash-scaled.jpg","width":2560,"height":1707},{"@type":"BreadcrumbList","@id":"https:\/\/ccli.ubc.ca\/fr\/la-semaine-canadienne-dechanges-sur-le-climat\/#breadcrumb","itemListElement":[{"@type":"ListItem","position":1,"name":"Home","item":"https:\/\/ccli.ubc.ca\/fr\/"},{"@type":"ListItem","position":2,"name":"La Semaine canadienne d\u2019\u00e9changes sur le climat, une nouvelle initiative visant \u00e0 promouvoir la collaboration crois\u00e9e face aux d\u00e9fis climatiques au Canada"}]},{"@type":"WebSite","@id":"https:\/\/ccli.ubc.ca\/#website","url":"https:\/\/ccli.ubc.ca\/","name":"Canada Climate Law Initiative","description":"Understand climate-related risks and opportunities","potentialAction":[{"@type":"SearchAction","target":{"@type":"EntryPoint","urlTemplate":"https:\/\/ccli.ubc.ca\/?s={search_term_string}"},"query-input":{"@type":"PropertyValueSpecification","valueRequired":true,"valueName":"search_term_string"}}],"inLanguage":"fr-FR"},{"@type":"Person","@id":"https:\/\/ccli.ubc.ca\/#\/schema\/person\/544ea347ab0b661f84b9d76611420057","name":"Media","image":{"@type":"ImageObject","inLanguage":"fr-FR","@id":"https:\/\/secure.gravatar.com\/avatar\/af99ec6691026592c6060b6fe4598acb97e88bc35effa29beacc99dc0afb8601?s=96&d=mm&r=g","url":"https:\/\/secure.gravatar.com\/avatar\/af99ec6691026592c6060b6fe4598acb97e88bc35effa29beacc99dc0afb8601?s=96&d=mm&r=g","contentUrl":"https:\/\/secure.gravatar.com\/avatar\/af99ec6691026592c6060b6fe4598acb97e88bc35effa29beacc99dc0afb8601?s=96&d=mm&r=g","caption":"Media"},"url":"https:\/\/ccli.ubc.ca\/fr\/author\/ccli\/"}]}},"_links":{"self":[{"href":"https:\/\/ccli.ubc.ca\/fr\/wp-json\/wp\/v2\/posts\/20661","targetHints":{"allow":["GET"]}}],"collection":[{"href":"https:\/\/ccli.ubc.ca\/fr\/wp-json\/wp\/v2\/posts"}],"about":[{"href":"https:\/\/ccli.ubc.ca\/fr\/wp-json\/wp\/v2\/types\/post"}],"author":[{"embeddable":true,"href":"https:\/\/ccli.ubc.ca\/fr\/wp-json\/wp\/v2\/users\/6"}],"replies":[{"embeddable":true,"href":"https:\/\/ccli.ubc.ca\/fr\/wp-json\/wp\/v2\/comments?post=20661"}],"version-history":[{"count":4,"href":"https:\/\/ccli.ubc.ca\/fr\/wp-json\/wp\/v2\/posts\/20661\/revisions"}],"predecessor-version":[{"id":20668,"href":"https:\/\/ccli.ubc.ca\/fr\/wp-json\/wp\/v2\/posts\/20661\/revisions\/20668"}],"wp:featuredmedia":[{"embeddable":true,"href":"https:\/\/ccli.ubc.ca\/fr\/wp-json\/wp\/v2\/media\/20637"}],"wp:attachment":[{"href":"https:\/\/ccli.ubc.ca\/fr\/wp-json\/wp\/v2\/media?parent=20661"}],"wp:term":[{"taxonomy":"category","embeddable":true,"href":"https:\/\/ccli.ubc.ca\/fr\/wp-json\/wp\/v2\/categories?post=20661"},{"taxonomy":"post_tag","embeddable":true,"href":"https:\/\/ccli.ubc.ca\/fr\/wp-json\/wp\/v2\/tags?post=20661"}],"curies":[{"name":"wp","href":"https:\/\/api.w.org\/{rel}","templated":true}]}}