{"id":21616,"date":"2025-05-05T19:11:12","date_gmt":"2025-05-05T23:11:12","guid":{"rendered":"https:\/\/ccli.ubc.ca\/?p=21616"},"modified":"2025-05-06T12:58:28","modified_gmt":"2025-05-06T16:58:28","slug":"notre-reponse-a-la-mise-a-jour-des-autorites-canadiennes-en-valeurs-mobilieres-concernant-leurs-projets-dinformation-sur-le-changement-climatique-et-la-diversite","status":"publish","type":"post","link":"https:\/\/ccli.ubc.ca\/fr\/notre-reponse-a-la-mise-a-jour-des-autorites-canadiennes-en-valeurs-mobilieres-concernant-leurs-projets-dinformation-sur-le-changement-climatique-et-la-diversite\/","title":{"rendered":"Notre r\u00e9ponse \u00e0 la mise \u00e0 jour des Autorit\u00e9s canadiennes en valeurs mobili\u00e8res concernant leurs projets d&rsquo;information sur le changement climatique et la diversit\u00e9"},"content":{"rendered":"\n<p>L&rsquo;Initiative canadienne de droit climatique (CCLI) reconna\u00eet la r\u00e9cente mise \u00e0 jour des <a href=\"https:\/\/www.autorites-valeurs-mobilieres.ca\/nouvelles\/les-acvm-font-le-point-sur-leur-approche-relative-aux-projets-concernant-linformation-fournie-sur-le-changement-climatique-et-la-diversite\/\" target=\"_blank\" rel=\"noreferrer noopener\">Autorit\u00e9s canadiennes en valeurs mobili\u00e8res (ACVM) concernant leurs projets d&rsquo;information sur le changement climatique et la diversit\u00e9<\/a>. Nous sommes profond\u00e9ment d\u00e9\u00e7us par leur d\u00e9cision d&rsquo;interrompre les travaux sur les divulgations d&rsquo;information li\u00e9e au d\u00e9veloppement durable.<\/p>\n\n\n\n<p>Apr\u00e8s plus de <a href=\"https:\/\/ccli.ubc.ca\/fr\/recommandations-politiques\/mettre-en-vigueur-le-reglement-51-107\/\" target=\"_blank\" rel=\"noreferrer noopener\">trois ans<\/a> d&rsquo;attente, cette pause constitue un revers pour les progr\u00e8s r\u00e9alis\u00e9s par le Canada en mati\u00e8re de responsabilit\u00e9 climatique des entreprises. Cette annonce intervient alors que le Conseil canadien des normes de d\u2019information sur la durabilit\u00e9 (CCNID) a publi\u00e9 les toutes premi\u00e8res normes canadiennes de divulgation sur la durabilit\u00e9 en d\u00e9cembre 2024. Ces normes, bien que pr\u00e9cieuses, restent volontaires. Sans une action d\u00e9cisive de la part des ACVM, l&rsquo;adoption g\u00e9n\u00e9ralis\u00e9e par les entreprises canadiennes restera incertaine.<\/p>\n\n\n\n<p>Les ACVM, le conseil des organismes de r\u00e9glementation des valeurs mobili\u00e8res des provinces et territoires du Canada, devraient r\u00e9viser et finaliser le R\u00e8glement 51-107 sur l\u2019information li\u00e9e aux questions climatiques. Ce processus est essentiel pour garantir l&rsquo;alignement sur les normes du CCNID et pour faciliter l&rsquo;adoption du R\u00e8glement 51-107 en tant que r\u00e8gle ou r\u00e9glementation dans chaque province et territoire. Il d\u00e9terminera \u00e9galement qui sera tenu de s&rsquo;y conformer et le calendrier de mise en \u0153uvre. L&rsquo;annonce faite par les ACVM le 23 avril interrompt ce processus pour une dur\u00e9e ind\u00e9termin\u00e9e, laissant les entreprises et les investisseurs sans orientation claire.<\/p>\n\n\n\n<p>Bien que les ACVM affirment que \u00ab la l\u00e9gislation en valeurs mobili\u00e8res exige d\u00e9j\u00e0 des \u00e9metteurs qu\u2019ils fournissent de l\u2019information sur les risques importants li\u00e9s au changement climatique \u00bb, la l\u00e9gislation actuelle sur la divulgation ne fournit pas aux investisseurs suffisamment d&rsquo;informations pour \u00e9valuer, comparer et fixer le prix des risques et des opportunit\u00e9s li\u00e9s au climat et \u00e0 d&rsquo;autres aspects du d\u00e9veloppement durable. Ce manque de transparence nuit \u00e0 la prise de d\u00e9cisions \u00e9clair\u00e9es et affaiblit la position du Canada sur les march\u00e9s mondiaux ainsi que sa capacit\u00e9 \u00e0 atteindre <a href=\"https:\/\/www.canada.ca\/fr\/services\/environnement\/meteo\/changementsclimatiques\/plan-climatique\/survol-plan-climatique.html\" target=\"_blank\" rel=\"noreferrer noopener\">les objectifs nationaux en mati\u00e8re de climat<\/a>.<\/p>\n\n\n\n<p>\u00c0 l&rsquo;heure o\u00f9 le Canada s&rsquo;efforce de renforcer ses <a href=\"https:\/\/www.pm.gc.ca\/fr\/nouvelles\/comptes-rendus\/2025\/05\/04\/premier-ministre-carney-sentretient-la-presidente-de-la\" target=\"_blank\" rel=\"noreferrer noopener\">relations avec l&rsquo;Union europ\u00e9enne<\/a> et d&rsquo;autres partenaires internationaux, cette pause met notre \u00e9conomie en p\u00e9ril. <a href=\"https:\/\/ccli.ubc.ca\/fr\/les-progres-internationaux-se-poursuivent-en-matiere-divulgation-obligatoire-et-volontaire-dinformations-sur-le-climat-par-les-entreprises\/\" target=\"_blank\" rel=\"noreferrer noopener\">Plus de 30 juridictions<\/a> adoptent des informations sur le climat et am\u00e9liorent les normes d&rsquo;information des entreprises. L&rsquo;inaction du Canada met en p\u00e9ril les investissements et diminue notre comp\u00e9titivit\u00e9 \u00e0 l&rsquo;\u00e9chelle mondiale.<\/p>\n\n\n\n<p>\u00ab La mise en \u0153uvre d&rsquo;un r\u00e8glement 51-107 align\u00e9 sur le CCNID rendrait les march\u00e9s canadiens plus comp\u00e9titifs, plus efficaces et plus r\u00e9sistants \u00bb, a d\u00e9clar\u00e9 <a href=\"https:\/\/ccli.ubc.ca\/fr\/team-member\/helen-tooze\/\" target=\"_blank\" rel=\"noreferrer noopener\">Helen Tooze<\/a>, chercheuse principale en politiques de l\u2019Initiative canadienne de droit climatique.<\/p>\n\n\n\n<p>Malgr\u00e9 ce revers, l&rsquo;Initiative canadienne de droit climatique reste d\u00e9termin\u00e9e \u00e0 faire progresser la divulgation d&rsquo;informations sur le d\u00e9veloppement durable de mani\u00e8re \u00e0 soutenir les march\u00e9s canadiens. Nous continuerons \u00e0 collaborer avec les ACVM, le CCNID et les d\u00e9cideurs politiques et \u00e0 les soutenir au moyen de recherches juridiques afin de garantir une prise de d\u00e9cision \u00e9clair\u00e9e.<\/p>\n\n\n\n<p>Nous demandons instamment aux ACVM de reprendre leur travail sur l\u2019information li\u00e9e aux questions climatiques pour les march\u00e9s financiers canadiens et de fournir au public des informations transparentes sur la date \u00e0 laquelle elles pr\u00e9voient de r\u00e9examiner ce projet et de finaliser les exigences pour les \u00e9metteurs.<\/p>\n","protected":false},"excerpt":{"rendered":"<p>L&rsquo;Initiative canadienne de droit climatique (CCLI) reconna\u00eet la r\u00e9cente mise \u00e0 jour des Autorit\u00e9s canadiennes en valeurs mobili\u00e8res (ACVM) concernant leurs projets d&rsquo;information sur le changement climatique et la diversit\u00e9. Nous sommes profond\u00e9ment d\u00e9\u00e7us par leur d\u00e9cision d&rsquo;interrompre les travaux sur les divulgations d&rsquo;information li\u00e9e au d\u00e9veloppement durable. Apr\u00e8s plus de trois ans d&rsquo;attente, cette [&hellip;]<\/p>\n","protected":false},"author":6,"featured_media":21611,"comment_status":"closed","ping_status":"open","sticky":false,"template":"","format":"standard","meta":{"_acf_changed":false,"footnotes":""},"categories":[63],"tags":[],"class_list":["post-21616","post","type-post","status-publish","format-standard","has-post-thumbnail","hentry","category-communique-fr"],"acf":[],"yoast_head":"<!-- This site is optimized with the Yoast SEO plugin v27.5 - https:\/\/yoast.com\/product\/yoast-seo-wordpress\/ -->\n<title>Notre r\u00e9ponse \u00e0 la mise \u00e0 jour des Autorit\u00e9s canadiennes en valeurs mobili\u00e8res concernant leurs projets d&#039;information sur le changement climatique et la diversit\u00e9 - Canada Climate Law Initiative<\/title>\n<meta name=\"description\" content=\"L&#039;Initiative canadienne de droit climatique (CCLI) reconna\u00eet la r\u00e9cente mise \u00e0 jour des Autorit\u00e9s canadiennes en valeurs mobili\u00e8res (ACVM) concernant leurs projets d&#039;information sur le changement climatique et la diversit\u00e9. Nous sommes profond\u00e9ment d\u00e9\u00e7us par leur d\u00e9cision d&#039;interrompre les travaux sur les divulgations d&#039;information li\u00e9e au d\u00e9veloppement durable.Apr\u00e8s plus de trois ans d&#039;attente, cette pause constitue un revers pour les progr\u00e8s r\u00e9alis\u00e9s par le Canada en mati\u00e8re de responsabilit\u00e9 climatique des entreprises.\" \/>\n<meta name=\"robots\" content=\"index, follow, max-snippet:-1, max-image-preview:large, max-video-preview:-1\" \/>\n<link rel=\"canonical\" href=\"https:\/\/ccli.ubc.ca\/fr\/notre-reponse-a-la-mise-a-jour-des-autorites-canadiennes-en-valeurs-mobilieres-concernant-leurs-projets-dinformation-sur-le-changement-climatique-et-la-diversite\/\" \/>\n<meta property=\"og:locale\" content=\"fr_FR\" \/>\n<meta property=\"og:type\" content=\"article\" \/>\n<meta property=\"og:title\" content=\"Notre r\u00e9ponse \u00e0 la mise \u00e0 jour des Autorit\u00e9s canadiennes en valeurs mobili\u00e8res concernant leurs projets d&#039;information sur le changement climatique et la diversit\u00e9 - Canada Climate Law Initiative\" \/>\n<meta property=\"og:description\" content=\"L&#039;Initiative canadienne de droit climatique (CCLI) reconna\u00eet la r\u00e9cente mise \u00e0 jour des Autorit\u00e9s canadiennes en valeurs mobili\u00e8res (ACVM) concernant leurs projets d&#039;information sur le changement climatique et la diversit\u00e9. Nous sommes profond\u00e9ment d\u00e9\u00e7us par leur d\u00e9cision d&#039;interrompre les travaux sur les divulgations d&#039;information li\u00e9e au d\u00e9veloppement durable.Apr\u00e8s plus de trois ans d&#039;attente, cette pause constitue un revers pour les progr\u00e8s r\u00e9alis\u00e9s par le Canada en mati\u00e8re de responsabilit\u00e9 climatique des entreprises.\" \/>\n<meta property=\"og:url\" content=\"https:\/\/ccli.ubc.ca\/fr\/notre-reponse-a-la-mise-a-jour-des-autorites-canadiennes-en-valeurs-mobilieres-concernant-leurs-projets-dinformation-sur-le-changement-climatique-et-la-diversite\/\" \/>\n<meta property=\"og:site_name\" content=\"Canada Climate Law Initiative\" \/>\n<meta property=\"article:published_time\" content=\"2025-05-05T23:11:12+00:00\" \/>\n<meta property=\"article:modified_time\" content=\"2025-05-06T16:58:28+00:00\" \/>\n<meta property=\"og:image\" content=\"https:\/\/ccli.ubc.ca\/wp-content\/uploads\/2025\/05\/anthony-maw-uHmYfp1pW58-unsplash-scaled.jpg\" \/>\n\t<meta property=\"og:image:width\" content=\"1\" \/>\n\t<meta property=\"og:image:height\" content=\"1\" \/>\n\t<meta property=\"og:image:type\" content=\"image\/jpeg\" \/>\n<meta name=\"author\" content=\"Media\" \/>\n<meta name=\"twitter:card\" content=\"summary_large_image\" \/>\n<meta name=\"twitter:title\" content=\"Notre r\u00e9ponse \u00e0 la mise \u00e0 jour des Autorit\u00e9s canadiennes en valeurs mobili\u00e8res concernant leurs projets d&#039;information sur le changement climatique et la diversit\u00e9\" \/>\n<meta name=\"twitter:description\" content=\"L&#039;Initiative canadienne de droit climatique (CCLI) reconna\u00eet la r\u00e9cente mise \u00e0 jour des Autorit\u00e9s canadiennes en valeurs mobili\u00e8res (ACVM) concernant leurs projets d&#039;information sur le changement climatique et la diversit\u00e9. Nous sommes profond\u00e9ment d\u00e9\u00e7us par leur d\u00e9cision d&#039;interrompre les travaux sur les divulgations d&#039;information li\u00e9e au d\u00e9veloppement durable.Apr\u00e8s plus de trois ans d&#039;attente, cette pause constitue un revers pour les progr\u00e8s r\u00e9alis\u00e9s par le Canada en mati\u00e8re de responsabilit\u00e9 climatique des entreprises.\" \/>\n<meta name=\"twitter:label1\" content=\"\u00c9crit par\" \/>\n\t<meta name=\"twitter:data1\" content=\"Media\" \/>\n\t<meta name=\"twitter:label2\" content=\"Dur\u00e9e de lecture estim\u00e9e\" \/>\n\t<meta name=\"twitter:data2\" content=\"3 minutes\" \/>\n<script type=\"application\/ld+json\" class=\"yoast-schema-graph\">{\"@context\":\"https:\\\/\\\/schema.org\",\"@graph\":[{\"@type\":\"Article\",\"@id\":\"https:\\\/\\\/ccli.ubc.ca\\\/fr\\\/notre-reponse-a-la-mise-a-jour-des-autorites-canadiennes-en-valeurs-mobilieres-concernant-leurs-projets-dinformation-sur-le-changement-climatique-et-la-diversite\\\/#article\",\"isPartOf\":{\"@id\":\"https:\\\/\\\/ccli.ubc.ca\\\/fr\\\/notre-reponse-a-la-mise-a-jour-des-autorites-canadiennes-en-valeurs-mobilieres-concernant-leurs-projets-dinformation-sur-le-changement-climatique-et-la-diversite\\\/\"},\"author\":{\"name\":\"Media\",\"@id\":\"https:\\\/\\\/ccli.ubc.ca\\\/#\\\/schema\\\/person\\\/544ea347ab0b661f84b9d76611420057\"},\"headline\":\"Notre r\u00e9ponse \u00e0 la mise \u00e0 jour des Autorit\u00e9s canadiennes en valeurs mobili\u00e8res concernant leurs projets d&rsquo;information sur le changement climatique et la diversit\u00e9\",\"datePublished\":\"2025-05-05T23:11:12+00:00\",\"dateModified\":\"2025-05-06T16:58:28+00:00\",\"mainEntityOfPage\":{\"@id\":\"https:\\\/\\\/ccli.ubc.ca\\\/fr\\\/notre-reponse-a-la-mise-a-jour-des-autorites-canadiennes-en-valeurs-mobilieres-concernant-leurs-projets-dinformation-sur-le-changement-climatique-et-la-diversite\\\/\"},\"wordCount\":627,\"image\":{\"@id\":\"https:\\\/\\\/ccli.ubc.ca\\\/fr\\\/notre-reponse-a-la-mise-a-jour-des-autorites-canadiennes-en-valeurs-mobilieres-concernant-leurs-projets-dinformation-sur-le-changement-climatique-et-la-diversite\\\/#primaryimage\"},\"thumbnailUrl\":\"https:\\\/\\\/ccli.ubc.ca\\\/wp-content\\\/uploads\\\/2025\\\/05\\\/anthony-maw-uHmYfp1pW58-unsplash-scaled.jpg\",\"articleSection\":[\"Communiqu\u00e9\"],\"inLanguage\":\"fr-FR\"},{\"@type\":\"WebPage\",\"@id\":\"https:\\\/\\\/ccli.ubc.ca\\\/fr\\\/notre-reponse-a-la-mise-a-jour-des-autorites-canadiennes-en-valeurs-mobilieres-concernant-leurs-projets-dinformation-sur-le-changement-climatique-et-la-diversite\\\/\",\"url\":\"https:\\\/\\\/ccli.ubc.ca\\\/fr\\\/notre-reponse-a-la-mise-a-jour-des-autorites-canadiennes-en-valeurs-mobilieres-concernant-leurs-projets-dinformation-sur-le-changement-climatique-et-la-diversite\\\/\",\"name\":\"Notre r\u00e9ponse \u00e0 la mise \u00e0 jour des Autorit\u00e9s canadiennes en valeurs mobili\u00e8res concernant leurs projets d'information sur le changement climatique et la diversit\u00e9 - Canada Climate Law Initiative\",\"isPartOf\":{\"@id\":\"https:\\\/\\\/ccli.ubc.ca\\\/#website\"},\"primaryImageOfPage\":{\"@id\":\"https:\\\/\\\/ccli.ubc.ca\\\/fr\\\/notre-reponse-a-la-mise-a-jour-des-autorites-canadiennes-en-valeurs-mobilieres-concernant-leurs-projets-dinformation-sur-le-changement-climatique-et-la-diversite\\\/#primaryimage\"},\"image\":{\"@id\":\"https:\\\/\\\/ccli.ubc.ca\\\/fr\\\/notre-reponse-a-la-mise-a-jour-des-autorites-canadiennes-en-valeurs-mobilieres-concernant-leurs-projets-dinformation-sur-le-changement-climatique-et-la-diversite\\\/#primaryimage\"},\"thumbnailUrl\":\"https:\\\/\\\/ccli.ubc.ca\\\/wp-content\\\/uploads\\\/2025\\\/05\\\/anthony-maw-uHmYfp1pW58-unsplash-scaled.jpg\",\"datePublished\":\"2025-05-05T23:11:12+00:00\",\"dateModified\":\"2025-05-06T16:58:28+00:00\",\"author\":{\"@id\":\"https:\\\/\\\/ccli.ubc.ca\\\/#\\\/schema\\\/person\\\/544ea347ab0b661f84b9d76611420057\"},\"description\":\"L'Initiative canadienne de droit climatique (CCLI) reconna\u00eet la r\u00e9cente mise \u00e0 jour des Autorit\u00e9s canadiennes en valeurs mobili\u00e8res (ACVM) concernant leurs projets d'information sur le changement climatique et la diversit\u00e9. Nous sommes profond\u00e9ment d\u00e9\u00e7us par leur d\u00e9cision d'interrompre les travaux sur les divulgations d'information li\u00e9e au d\u00e9veloppement durable.Apr\u00e8s plus de trois ans d'attente, cette pause constitue un revers pour les progr\u00e8s r\u00e9alis\u00e9s par le Canada en mati\u00e8re de responsabilit\u00e9 climatique des entreprises.\",\"breadcrumb\":{\"@id\":\"https:\\\/\\\/ccli.ubc.ca\\\/fr\\\/notre-reponse-a-la-mise-a-jour-des-autorites-canadiennes-en-valeurs-mobilieres-concernant-leurs-projets-dinformation-sur-le-changement-climatique-et-la-diversite\\\/#breadcrumb\"},\"inLanguage\":\"fr-FR\",\"potentialAction\":[{\"@type\":\"ReadAction\",\"target\":[\"https:\\\/\\\/ccli.ubc.ca\\\/fr\\\/notre-reponse-a-la-mise-a-jour-des-autorites-canadiennes-en-valeurs-mobilieres-concernant-leurs-projets-dinformation-sur-le-changement-climatique-et-la-diversite\\\/\"]}]},{\"@type\":\"ImageObject\",\"inLanguage\":\"fr-FR\",\"@id\":\"https:\\\/\\\/ccli.ubc.ca\\\/fr\\\/notre-reponse-a-la-mise-a-jour-des-autorites-canadiennes-en-valeurs-mobilieres-concernant-leurs-projets-dinformation-sur-le-changement-climatique-et-la-diversite\\\/#primaryimage\",\"url\":\"https:\\\/\\\/ccli.ubc.ca\\\/wp-content\\\/uploads\\\/2025\\\/05\\\/anthony-maw-uHmYfp1pW58-unsplash-scaled.jpg\",\"contentUrl\":\"https:\\\/\\\/ccli.ubc.ca\\\/wp-content\\\/uploads\\\/2025\\\/05\\\/anthony-maw-uHmYfp1pW58-unsplash-scaled.jpg\"},{\"@type\":\"BreadcrumbList\",\"@id\":\"https:\\\/\\\/ccli.ubc.ca\\\/fr\\\/notre-reponse-a-la-mise-a-jour-des-autorites-canadiennes-en-valeurs-mobilieres-concernant-leurs-projets-dinformation-sur-le-changement-climatique-et-la-diversite\\\/#breadcrumb\",\"itemListElement\":[{\"@type\":\"ListItem\",\"position\":1,\"name\":\"Home\",\"item\":\"https:\\\/\\\/ccli.ubc.ca\\\/fr\\\/\"},{\"@type\":\"ListItem\",\"position\":2,\"name\":\"Notre r\u00e9ponse \u00e0 la mise \u00e0 jour des Autorit\u00e9s canadiennes en valeurs mobili\u00e8res concernant leurs projets d&#8217;information sur le changement climatique et la diversit\u00e9\"}]},{\"@type\":\"WebSite\",\"@id\":\"https:\\\/\\\/ccli.ubc.ca\\\/#website\",\"url\":\"https:\\\/\\\/ccli.ubc.ca\\\/\",\"name\":\"Canada Climate Law Initiative\",\"description\":\"Understand climate-related risks and opportunities\",\"potentialAction\":[{\"@type\":\"SearchAction\",\"target\":{\"@type\":\"EntryPoint\",\"urlTemplate\":\"https:\\\/\\\/ccli.ubc.ca\\\/?s={search_term_string}\"},\"query-input\":{\"@type\":\"PropertyValueSpecification\",\"valueRequired\":true,\"valueName\":\"search_term_string\"}}],\"inLanguage\":\"fr-FR\"},{\"@type\":\"Person\",\"@id\":\"https:\\\/\\\/ccli.ubc.ca\\\/#\\\/schema\\\/person\\\/544ea347ab0b661f84b9d76611420057\",\"name\":\"Media\",\"image\":{\"@type\":\"ImageObject\",\"inLanguage\":\"fr-FR\",\"@id\":\"https:\\\/\\\/secure.gravatar.com\\\/avatar\\\/af99ec6691026592c6060b6fe4598acb97e88bc35effa29beacc99dc0afb8601?s=96&d=mm&r=g\",\"url\":\"https:\\\/\\\/secure.gravatar.com\\\/avatar\\\/af99ec6691026592c6060b6fe4598acb97e88bc35effa29beacc99dc0afb8601?s=96&d=mm&r=g\",\"contentUrl\":\"https:\\\/\\\/secure.gravatar.com\\\/avatar\\\/af99ec6691026592c6060b6fe4598acb97e88bc35effa29beacc99dc0afb8601?s=96&d=mm&r=g\",\"caption\":\"Media\"},\"url\":\"https:\\\/\\\/ccli.ubc.ca\\\/fr\\\/author\\\/ccli\\\/\"}]}<\/script>\n<!-- \/ Yoast SEO plugin. -->","yoast_head_json":{"title":"Notre r\u00e9ponse \u00e0 la mise \u00e0 jour des Autorit\u00e9s canadiennes en valeurs mobili\u00e8res concernant leurs projets d'information sur le changement climatique et la diversit\u00e9 - Canada Climate Law Initiative","description":"L'Initiative canadienne de droit climatique (CCLI) reconna\u00eet la r\u00e9cente mise \u00e0 jour des Autorit\u00e9s canadiennes en valeurs mobili\u00e8res (ACVM) concernant leurs projets d'information sur le changement climatique et la diversit\u00e9. Nous sommes profond\u00e9ment d\u00e9\u00e7us par leur d\u00e9cision d'interrompre les travaux sur les divulgations d'information li\u00e9e au d\u00e9veloppement durable.Apr\u00e8s plus de trois ans d'attente, cette pause constitue un revers pour les progr\u00e8s r\u00e9alis\u00e9s par le Canada en mati\u00e8re de responsabilit\u00e9 climatique des entreprises.","robots":{"index":"index","follow":"follow","max-snippet":"max-snippet:-1","max-image-preview":"max-image-preview:large","max-video-preview":"max-video-preview:-1"},"canonical":"https:\/\/ccli.ubc.ca\/fr\/notre-reponse-a-la-mise-a-jour-des-autorites-canadiennes-en-valeurs-mobilieres-concernant-leurs-projets-dinformation-sur-le-changement-climatique-et-la-diversite\/","og_locale":"fr_FR","og_type":"article","og_title":"Notre r\u00e9ponse \u00e0 la mise \u00e0 jour des Autorit\u00e9s canadiennes en valeurs mobili\u00e8res concernant leurs projets d'information sur le changement climatique et la diversit\u00e9 - Canada Climate Law Initiative","og_description":"L'Initiative canadienne de droit climatique (CCLI) reconna\u00eet la r\u00e9cente mise \u00e0 jour des Autorit\u00e9s canadiennes en valeurs mobili\u00e8res (ACVM) concernant leurs projets d'information sur le changement climatique et la diversit\u00e9. Nous sommes profond\u00e9ment d\u00e9\u00e7us par leur d\u00e9cision d'interrompre les travaux sur les divulgations d'information li\u00e9e au d\u00e9veloppement durable.Apr\u00e8s plus de trois ans d'attente, cette pause constitue un revers pour les progr\u00e8s r\u00e9alis\u00e9s par le Canada en mati\u00e8re de responsabilit\u00e9 climatique des entreprises.","og_url":"https:\/\/ccli.ubc.ca\/fr\/notre-reponse-a-la-mise-a-jour-des-autorites-canadiennes-en-valeurs-mobilieres-concernant-leurs-projets-dinformation-sur-le-changement-climatique-et-la-diversite\/","og_site_name":"Canada Climate Law Initiative","article_published_time":"2025-05-05T23:11:12+00:00","article_modified_time":"2025-05-06T16:58:28+00:00","og_image":[{"url":"https:\/\/ccli.ubc.ca\/wp-content\/uploads\/2025\/05\/anthony-maw-uHmYfp1pW58-unsplash-scaled.jpg","width":1,"height":1,"type":"image\/jpeg"}],"author":"Media","twitter_card":"summary_large_image","twitter_title":"Notre r\u00e9ponse \u00e0 la mise \u00e0 jour des Autorit\u00e9s canadiennes en valeurs mobili\u00e8res concernant leurs projets d'information sur le changement climatique et la diversit\u00e9","twitter_description":"L'Initiative canadienne de droit climatique (CCLI) reconna\u00eet la r\u00e9cente mise \u00e0 jour des Autorit\u00e9s canadiennes en valeurs mobili\u00e8res (ACVM) concernant leurs projets d'information sur le changement climatique et la diversit\u00e9. Nous sommes profond\u00e9ment d\u00e9\u00e7us par leur d\u00e9cision d'interrompre les travaux sur les divulgations d'information li\u00e9e au d\u00e9veloppement durable.Apr\u00e8s plus de trois ans d'attente, cette pause constitue un revers pour les progr\u00e8s r\u00e9alis\u00e9s par le Canada en mati\u00e8re de responsabilit\u00e9 climatique des entreprises.","twitter_misc":{"\u00c9crit par":"Media","Dur\u00e9e de lecture estim\u00e9e":"3 minutes"},"schema":{"@context":"https:\/\/schema.org","@graph":[{"@type":"Article","@id":"https:\/\/ccli.ubc.ca\/fr\/notre-reponse-a-la-mise-a-jour-des-autorites-canadiennes-en-valeurs-mobilieres-concernant-leurs-projets-dinformation-sur-le-changement-climatique-et-la-diversite\/#article","isPartOf":{"@id":"https:\/\/ccli.ubc.ca\/fr\/notre-reponse-a-la-mise-a-jour-des-autorites-canadiennes-en-valeurs-mobilieres-concernant-leurs-projets-dinformation-sur-le-changement-climatique-et-la-diversite\/"},"author":{"name":"Media","@id":"https:\/\/ccli.ubc.ca\/#\/schema\/person\/544ea347ab0b661f84b9d76611420057"},"headline":"Notre r\u00e9ponse \u00e0 la mise \u00e0 jour des Autorit\u00e9s canadiennes en valeurs mobili\u00e8res concernant leurs projets d&rsquo;information sur le changement climatique et la diversit\u00e9","datePublished":"2025-05-05T23:11:12+00:00","dateModified":"2025-05-06T16:58:28+00:00","mainEntityOfPage":{"@id":"https:\/\/ccli.ubc.ca\/fr\/notre-reponse-a-la-mise-a-jour-des-autorites-canadiennes-en-valeurs-mobilieres-concernant-leurs-projets-dinformation-sur-le-changement-climatique-et-la-diversite\/"},"wordCount":627,"image":{"@id":"https:\/\/ccli.ubc.ca\/fr\/notre-reponse-a-la-mise-a-jour-des-autorites-canadiennes-en-valeurs-mobilieres-concernant-leurs-projets-dinformation-sur-le-changement-climatique-et-la-diversite\/#primaryimage"},"thumbnailUrl":"https:\/\/ccli.ubc.ca\/wp-content\/uploads\/2025\/05\/anthony-maw-uHmYfp1pW58-unsplash-scaled.jpg","articleSection":["Communiqu\u00e9"],"inLanguage":"fr-FR"},{"@type":"WebPage","@id":"https:\/\/ccli.ubc.ca\/fr\/notre-reponse-a-la-mise-a-jour-des-autorites-canadiennes-en-valeurs-mobilieres-concernant-leurs-projets-dinformation-sur-le-changement-climatique-et-la-diversite\/","url":"https:\/\/ccli.ubc.ca\/fr\/notre-reponse-a-la-mise-a-jour-des-autorites-canadiennes-en-valeurs-mobilieres-concernant-leurs-projets-dinformation-sur-le-changement-climatique-et-la-diversite\/","name":"Notre r\u00e9ponse \u00e0 la mise \u00e0 jour des Autorit\u00e9s canadiennes en valeurs mobili\u00e8res concernant leurs projets d'information sur le changement climatique et la diversit\u00e9 - Canada Climate Law Initiative","isPartOf":{"@id":"https:\/\/ccli.ubc.ca\/#website"},"primaryImageOfPage":{"@id":"https:\/\/ccli.ubc.ca\/fr\/notre-reponse-a-la-mise-a-jour-des-autorites-canadiennes-en-valeurs-mobilieres-concernant-leurs-projets-dinformation-sur-le-changement-climatique-et-la-diversite\/#primaryimage"},"image":{"@id":"https:\/\/ccli.ubc.ca\/fr\/notre-reponse-a-la-mise-a-jour-des-autorites-canadiennes-en-valeurs-mobilieres-concernant-leurs-projets-dinformation-sur-le-changement-climatique-et-la-diversite\/#primaryimage"},"thumbnailUrl":"https:\/\/ccli.ubc.ca\/wp-content\/uploads\/2025\/05\/anthony-maw-uHmYfp1pW58-unsplash-scaled.jpg","datePublished":"2025-05-05T23:11:12+00:00","dateModified":"2025-05-06T16:58:28+00:00","author":{"@id":"https:\/\/ccli.ubc.ca\/#\/schema\/person\/544ea347ab0b661f84b9d76611420057"},"description":"L'Initiative canadienne de droit climatique (CCLI) reconna\u00eet la r\u00e9cente mise \u00e0 jour des Autorit\u00e9s canadiennes en valeurs mobili\u00e8res (ACVM) concernant leurs projets d'information sur le changement climatique et la diversit\u00e9. Nous sommes profond\u00e9ment d\u00e9\u00e7us par leur d\u00e9cision d'interrompre les travaux sur les divulgations d'information li\u00e9e au d\u00e9veloppement durable.Apr\u00e8s plus de trois ans d'attente, cette pause constitue un revers pour les progr\u00e8s r\u00e9alis\u00e9s par le Canada en mati\u00e8re de responsabilit\u00e9 climatique des entreprises.","breadcrumb":{"@id":"https:\/\/ccli.ubc.ca\/fr\/notre-reponse-a-la-mise-a-jour-des-autorites-canadiennes-en-valeurs-mobilieres-concernant-leurs-projets-dinformation-sur-le-changement-climatique-et-la-diversite\/#breadcrumb"},"inLanguage":"fr-FR","potentialAction":[{"@type":"ReadAction","target":["https:\/\/ccli.ubc.ca\/fr\/notre-reponse-a-la-mise-a-jour-des-autorites-canadiennes-en-valeurs-mobilieres-concernant-leurs-projets-dinformation-sur-le-changement-climatique-et-la-diversite\/"]}]},{"@type":"ImageObject","inLanguage":"fr-FR","@id":"https:\/\/ccli.ubc.ca\/fr\/notre-reponse-a-la-mise-a-jour-des-autorites-canadiennes-en-valeurs-mobilieres-concernant-leurs-projets-dinformation-sur-le-changement-climatique-et-la-diversite\/#primaryimage","url":"https:\/\/ccli.ubc.ca\/wp-content\/uploads\/2025\/05\/anthony-maw-uHmYfp1pW58-unsplash-scaled.jpg","contentUrl":"https:\/\/ccli.ubc.ca\/wp-content\/uploads\/2025\/05\/anthony-maw-uHmYfp1pW58-unsplash-scaled.jpg"},{"@type":"BreadcrumbList","@id":"https:\/\/ccli.ubc.ca\/fr\/notre-reponse-a-la-mise-a-jour-des-autorites-canadiennes-en-valeurs-mobilieres-concernant-leurs-projets-dinformation-sur-le-changement-climatique-et-la-diversite\/#breadcrumb","itemListElement":[{"@type":"ListItem","position":1,"name":"Home","item":"https:\/\/ccli.ubc.ca\/fr\/"},{"@type":"ListItem","position":2,"name":"Notre r\u00e9ponse \u00e0 la mise \u00e0 jour des Autorit\u00e9s canadiennes en valeurs mobili\u00e8res concernant leurs projets d&#8217;information sur le changement climatique et la diversit\u00e9"}]},{"@type":"WebSite","@id":"https:\/\/ccli.ubc.ca\/#website","url":"https:\/\/ccli.ubc.ca\/","name":"Canada Climate Law Initiative","description":"Understand climate-related risks and opportunities","potentialAction":[{"@type":"SearchAction","target":{"@type":"EntryPoint","urlTemplate":"https:\/\/ccli.ubc.ca\/?s={search_term_string}"},"query-input":{"@type":"PropertyValueSpecification","valueRequired":true,"valueName":"search_term_string"}}],"inLanguage":"fr-FR"},{"@type":"Person","@id":"https:\/\/ccli.ubc.ca\/#\/schema\/person\/544ea347ab0b661f84b9d76611420057","name":"Media","image":{"@type":"ImageObject","inLanguage":"fr-FR","@id":"https:\/\/secure.gravatar.com\/avatar\/af99ec6691026592c6060b6fe4598acb97e88bc35effa29beacc99dc0afb8601?s=96&d=mm&r=g","url":"https:\/\/secure.gravatar.com\/avatar\/af99ec6691026592c6060b6fe4598acb97e88bc35effa29beacc99dc0afb8601?s=96&d=mm&r=g","contentUrl":"https:\/\/secure.gravatar.com\/avatar\/af99ec6691026592c6060b6fe4598acb97e88bc35effa29beacc99dc0afb8601?s=96&d=mm&r=g","caption":"Media"},"url":"https:\/\/ccli.ubc.ca\/fr\/author\/ccli\/"}]}},"_links":{"self":[{"href":"https:\/\/ccli.ubc.ca\/fr\/wp-json\/wp\/v2\/posts\/21616","targetHints":{"allow":["GET"]}}],"collection":[{"href":"https:\/\/ccli.ubc.ca\/fr\/wp-json\/wp\/v2\/posts"}],"about":[{"href":"https:\/\/ccli.ubc.ca\/fr\/wp-json\/wp\/v2\/types\/post"}],"author":[{"embeddable":true,"href":"https:\/\/ccli.ubc.ca\/fr\/wp-json\/wp\/v2\/users\/6"}],"replies":[{"embeddable":true,"href":"https:\/\/ccli.ubc.ca\/fr\/wp-json\/wp\/v2\/comments?post=21616"}],"version-history":[{"count":5,"href":"https:\/\/ccli.ubc.ca\/fr\/wp-json\/wp\/v2\/posts\/21616\/revisions"}],"predecessor-version":[{"id":21631,"href":"https:\/\/ccli.ubc.ca\/fr\/wp-json\/wp\/v2\/posts\/21616\/revisions\/21631"}],"wp:featuredmedia":[{"embeddable":true,"href":"https:\/\/ccli.ubc.ca\/fr\/wp-json\/wp\/v2\/media\/21611"}],"wp:attachment":[{"href":"https:\/\/ccli.ubc.ca\/fr\/wp-json\/wp\/v2\/media?parent=21616"}],"wp:term":[{"taxonomy":"category","embeddable":true,"href":"https:\/\/ccli.ubc.ca\/fr\/wp-json\/wp\/v2\/categories?post=21616"},{"taxonomy":"post_tag","embeddable":true,"href":"https:\/\/ccli.ubc.ca\/fr\/wp-json\/wp\/v2\/tags?post=21616"}],"curies":[{"name":"wp","href":"https:\/\/api.w.org\/{rel}","templated":true}]}}