{"id":22986,"date":"2025-12-02T01:47:00","date_gmt":"2025-12-02T09:47:00","guid":{"rendered":"https:\/\/ccli.ubc.ca\/?p=22986"},"modified":"2025-12-02T09:13:02","modified_gmt":"2025-12-02T17:13:02","slug":"le-devoir-de-vigilance-environnementale-et-sociale-un-outil-pour-mieux-encadrer-limpact-des-entreprises","status":"publish","type":"post","link":"https:\/\/ccli.ubc.ca\/fr\/le-devoir-de-vigilance-environnementale-et-sociale-un-outil-pour-mieux-encadrer-limpact-des-entreprises\/","title":{"rendered":"Le devoir de vigilance environnementale et sociale : un outil pour mieux encadrer l&rsquo;impact des entreprises"},"content":{"rendered":"\n<p>Le devoir de vigilance constitue une approche juridique globale visant \u00e0 mieux encadrer les impacts sociaux et environnementaux des grandes entreprises. Ces derni\u00e8res ann\u00e9es, alors que plusieurs juridictions europ\u00e9ennes ont choisi de renforcer l\u2019encadrement des entreprises \u00e9tablies sur leur territoire, c\u2019est d\u00e9sormais au tour de l\u2019Union europ\u00e9enne (UE) d\u2019instaurer un nouveau cadre pour les pratiques d\u2019affaires au sein de son espace commercial. Un nouveau vote sur la directive sur le devoir de vigilance des entreprises en mati\u00e8re de durabilit\u00e9, \u00e9galement appel\u00e9e <em>Corporate Sustainability Due Diligence Directive<\/em> (CSDDD), a eu lieu en novembre. Ce vote, sous forte tension politique, a repr\u00e9sent\u00e9 une remise en cause partielle des ambitions de la strat\u00e9gie europ\u00e9enne de durabilit\u00e9 que les institutions de l\u2019UE poursuivent depuis 2020.<\/p>\n\n\n\n<div style=\"height:34px\" aria-hidden=\"true\" class=\"wp-block-spacer\"><\/div>\n\n\n\n<h3 class=\"wp-block-heading\">L\u2019approche du devoir de vigilance<\/h3>\n\n\n\n<p>Le devoir de vigilance sociale et environnementale repose sur un ensemble de mesures visant \u00e0 identifier, pr\u00e9venir et r\u00e9parer les atteintes graves aux droits humains, aux libert\u00e9s fondamentales, \u00e0 la sant\u00e9, \u00e0 la s\u00e9curit\u00e9 des personnes ainsi qu\u2019\u00e0 l\u2019environnement.<\/p>\n\n\n\n<p>Suivant cette approche, l\u2019entreprise est tenue d\u2019adopter une d\u00e9marche proactive pour cartographier les risques associ\u00e9s \u00e0 l\u2019ensemble de sa cha\u00eene de valeur, afin d\u2019\u00e9viter les atteintes et dommages potentiels. Cette approche prend aussi acte du caract\u00e8re fortement mondialis\u00e9 des cha\u00eenes de valeur et exige des entreprises qu\u2019elles disposent d\u2019une connaissance approfondie non seulement de leurs propres activit\u00e9s, mais aussi de celles de leurs filiales, fournisseurs, sous-traitants et de tout autre partenaire commercial avec lequel elles entretiennent une relation d\u2019affaires \u00e9tablie.<\/p>\n\n\n\n<div style=\"height:47px\" aria-hidden=\"true\" class=\"wp-block-spacer\"><\/div>\n\n\n<div class=\"wp-block-image\">\n<figure class=\"aligncenter size-large is-resized\"><img loading=\"lazy\" decoding=\"async\" width=\"1024\" height=\"683\" src=\"https:\/\/ccli.ubc.ca\/wp-content\/uploads\/2025\/12\/jean-baptiste-d-CVs3PifGWsM-unsplash-1024x683.jpg\" alt=\"\" class=\"wp-image-22999\" style=\"width:690px;height:auto\" srcset=\"https:\/\/ccli.ubc.ca\/wp-content\/uploads\/2025\/12\/jean-baptiste-d-CVs3PifGWsM-unsplash-1024x683.jpg 1024w, https:\/\/ccli.ubc.ca\/wp-content\/uploads\/2025\/12\/jean-baptiste-d-CVs3PifGWsM-unsplash-300x200.jpg 300w, https:\/\/ccli.ubc.ca\/wp-content\/uploads\/2025\/12\/jean-baptiste-d-CVs3PifGWsM-unsplash-768x512.jpg 768w, https:\/\/ccli.ubc.ca\/wp-content\/uploads\/2025\/12\/jean-baptiste-d-CVs3PifGWsM-unsplash-1536x1024.jpg 1536w, https:\/\/ccli.ubc.ca\/wp-content\/uploads\/2025\/12\/jean-baptiste-d-CVs3PifGWsM-unsplash-2048x1365.jpg 2048w, https:\/\/ccli.ubc.ca\/wp-content\/uploads\/2025\/12\/jean-baptiste-d-CVs3PifGWsM-unsplash-1920x1280.jpg 1920w\" sizes=\"auto, (max-width: 1024px) 100vw, 1024px\" \/><\/figure>\n<\/div>\n\n\n<div style=\"height:34px\" aria-hidden=\"true\" class=\"wp-block-spacer\"><\/div>\n\n\n\n<h3 class=\"wp-block-heading\">L\u2019influence des conversations internationales<\/h3>\n\n\n\n<p>Souvent cit\u00e9e en exemple, l\u2019approche fran\u00e7aise du devoir de vigilance demeure l\u2019une des plus abouties de ces derni\u00e8res ann\u00e9es. Malgr\u00e9 certaines limites relev\u00e9es par la doctrine, le l\u00e9gislateur a cherch\u00e9 \u00e0 concr\u00e9tiser les grands principes promus par de nombreuses organisations internationales \u2013 tels que les Principes directeurs des Nations Unies, les Lignes directrices de l\u2019Organisation de coop\u00e9ration et de d\u00e9veloppement \u00e9conomiques (OCDE) ou encore les travaux de l\u2019Organisation internationale du Travail (OIT) \u2013 en vue de cr\u00e9er un cadre plus protecteur pour les parties prenantes interagissant avec les grandes entreprises \u00e9tablies en France et r\u00e9pondant aux crit\u00e8res fix\u00e9s par la loi.<\/p>\n\n\n\n<p>Instaur\u00e9s en France par la <em>loi n\u00b02017-399 relative au devoir de vigilance des soci\u00e9t\u00e9s m\u00e8res et des entreprises donneuses d\u2019ordre<\/em>, les plans de vigilance sont une pi\u00e8ce angulaire du dispositif de vigilance. Produits annuellement, les plans de vigilance doivent d\u00e9montrer la capacit\u00e9 des entreprises concern\u00e9es \u00e0 identifier les risques et \u00e0 mettre en \u0153uvre des mesures pr\u00e9ventives afin d\u2019\u00e9viter les atteintes graves aux parties prenantes et \u00e0 l\u2019environnement.<\/p>\n\n\n\n<p>Le devoir de vigilance repr\u00e9sente aussi la volont\u00e9 de retranscrire, dans le droit positif, les attentes d\u2019une soci\u00e9t\u00e9 civile de plus en plus sensible aux risques climatiques, \u00e0 la protection des communaut\u00e9s et \u00e0 la pr\u00e9servation des \u00e9cosyst\u00e8mes. Cette approche se distingue des cadres de <em>soft law <\/em>d\u00e9pourvus de port\u00e9e contraignante.<\/p>\n\n\n\n<p>De plus, au-del\u00e0 de la clarification des obligations des entreprises, l\u2019\u00e9tablissement d\u2019un syst\u00e8me de sanctions en cas de manquement est un autre \u00e9l\u00e9ment cl\u00e9 du dispositif de vigilance. En France, le l\u00e9gislateur a opt\u00e9 pour un r\u00e9gime de responsabilit\u00e9 permettant aux parties prenantes l\u00e9s\u00e9es d\u2019engager la responsabilit\u00e9 de l\u2019entreprise sur le fondement d\u2019un manquement \u00e0 son plan de vigilance. Cette disposition doit contribuer \u00e0 renforcer la responsabilisation des entreprises fran\u00e7aises quant \u00e0 leurs impacts internationaux.<\/p>\n\n\n\n<div style=\"height:38px\" aria-hidden=\"true\" class=\"wp-block-spacer\"><\/div>\n\n\n<div class=\"wp-block-image\">\n<figure class=\"aligncenter size-large is-resized\"><img loading=\"lazy\" decoding=\"async\" width=\"1024\" height=\"683\" src=\"https:\/\/ccli.ubc.ca\/wp-content\/uploads\/2025\/12\/ty-feague-cOujKBnwol8-unsplash-1024x683.jpg\" alt=\"\" class=\"wp-image-22997\" style=\"width:614px;height:auto\" srcset=\"https:\/\/ccli.ubc.ca\/wp-content\/uploads\/2025\/12\/ty-feague-cOujKBnwol8-unsplash-1024x683.jpg 1024w, https:\/\/ccli.ubc.ca\/wp-content\/uploads\/2025\/12\/ty-feague-cOujKBnwol8-unsplash-300x200.jpg 300w, https:\/\/ccli.ubc.ca\/wp-content\/uploads\/2025\/12\/ty-feague-cOujKBnwol8-unsplash-768x512.jpg 768w, https:\/\/ccli.ubc.ca\/wp-content\/uploads\/2025\/12\/ty-feague-cOujKBnwol8-unsplash-1536x1024.jpg 1536w, https:\/\/ccli.ubc.ca\/wp-content\/uploads\/2025\/12\/ty-feague-cOujKBnwol8-unsplash-2048x1365.jpg 2048w, https:\/\/ccli.ubc.ca\/wp-content\/uploads\/2025\/12\/ty-feague-cOujKBnwol8-unsplash-1920x1280.jpg 1920w\" sizes=\"auto, (max-width: 1024px) 100vw, 1024px\" \/><\/figure>\n<\/div>\n\n\n<div style=\"height:44px\" aria-hidden=\"true\" class=\"wp-block-spacer\"><\/div>\n\n\n\n<h3 class=\"wp-block-heading\">Des avanc\u00e9es au niveau de l\u2019Union europ\u00e9enne<\/h3>\n\n\n\n<p>\u00c0 l\u2019\u00e9chelle europ\u00e9enne, la directive CSDDD imposera \u00e9galement des obligations renforc\u00e9es, non seulement aux entreprises de l\u2019UE, mais aussi aux entreprises \u00e9trang\u00e8res remplissant certains crit\u00e8res. Cette volont\u00e9 d\u2019affirmer la port\u00e9e extraterritoriale du droit europ\u00e9en t\u00e9moigne de l\u2019approche des instances de l\u2019UE de chercher \u00e0 pousser toutes les entreprises op\u00e9rant sur le march\u00e9 unique \u2013 l\u2019un des plus vastes au monde \u2013 \u00e0 respecter ses r\u00e9glementations, valeurs et objectifs. Cette nouvelle r\u00e9glementation de devoir de vigilance s\u2019inscrit dans le <em>Pacte vert pour l\u2019Europe<\/em>, qui vise \u00e0 assurer la durabilit\u00e9 et la carboneutralit\u00e9 du continent d\u2019ici 2050. Bien que le vote au Parlement europ\u00e9en de novembre 2025 a pour effet une r\u00e9vision majeure du contenu de la directive, restreignant de fa\u00e7on significative la port\u00e9e de certaines obligations pr\u00e9sentes dans les versions ant\u00e9rieures du texte, l\u2019adoption de la directive reste une avanc\u00e9e \u00e0 suivre de pr\u00e8s pour les acteurs canadiens.\u00a0<\/p>\n\n\n\n<div style=\"height:40px\" aria-hidden=\"true\" class=\"wp-block-spacer\"><\/div>\n\n\n<div class=\"wp-block-image\">\n<figure class=\"aligncenter size-large is-resized\"><img loading=\"lazy\" decoding=\"async\" width=\"1024\" height=\"575\" src=\"https:\/\/ccli.ubc.ca\/wp-content\/uploads\/2025\/12\/jp-valery-Sai3_KehgyY-unsplash-1024x575.jpg\" alt=\"\" class=\"wp-image-23002\" style=\"width:672px;height:auto\" srcset=\"https:\/\/ccli.ubc.ca\/wp-content\/uploads\/2025\/12\/jp-valery-Sai3_KehgyY-unsplash-1024x575.jpg 1024w, https:\/\/ccli.ubc.ca\/wp-content\/uploads\/2025\/12\/jp-valery-Sai3_KehgyY-unsplash-300x168.jpg 300w, https:\/\/ccli.ubc.ca\/wp-content\/uploads\/2025\/12\/jp-valery-Sai3_KehgyY-unsplash-768x431.jpg 768w, https:\/\/ccli.ubc.ca\/wp-content\/uploads\/2025\/12\/jp-valery-Sai3_KehgyY-unsplash-1536x863.jpg 1536w, https:\/\/ccli.ubc.ca\/wp-content\/uploads\/2025\/12\/jp-valery-Sai3_KehgyY-unsplash-2048x1150.jpg 2048w, https:\/\/ccli.ubc.ca\/wp-content\/uploads\/2025\/12\/jp-valery-Sai3_KehgyY-unsplash-1920x1078.jpg 1920w\" sizes=\"auto, (max-width: 1024px) 100vw, 1024px\" \/><\/figure>\n<\/div>\n\n\n<div style=\"height:38px\" aria-hidden=\"true\" class=\"wp-block-spacer\"><\/div>\n\n\n\n<h3 class=\"wp-block-heading\">Les perspectives canadiennes et qu\u00e9b\u00e9coises<\/h3>\n\n\n\n<p>Au Canada, malgr\u00e9 un retard notable dans l\u2019encadrement de certains secteurs, plusieurs r\u00e9flexions et discussions sont en cours et pourraient conduire \u00e0 un renforcement du cadre juridique existant. Le perfectionnement de textes existants et la clarification de certaines obligations, notamment celles li\u00e9es au devoir fiduciaire, permettraient de mieux pr\u00e9parer les entreprises tout en favorisant les efforts de transition \u00e9cologique et sociale.<\/p>\n\n\n\n<p>Le Qu\u00e9bec, quant \u00e0 lui, peut repr\u00e9senter un terrain propice \u00e0 une r\u00e9flexion renouvel\u00e9e sur le devoir de vigilance sociale et environnementale. Caract\u00e9ris\u00e9e par un contexte culturel unique, travers\u00e9e par une double influence juridique mais aussi par des attentes contemporaines fortes en mati\u00e8re de durabilit\u00e9, la province peut \u00eatre force de proposition pour assurer une meilleure responsabilisation des entreprises au Canada.<\/p>\n\n\n\n<p>Dans la recherche propos\u00e9e, plusieurs avenues sont mises de l\u2019avant pour entamer, sans tarder, le chantier sur le devoir de vigilance sociale et environnementale qu\u00e9b\u00e9cois. La mise en place d\u2019un <em>Observatoire<\/em>, r\u00e9el espace de concertation entre diff\u00e9rents acteurs (soci\u00e9t\u00e9 civile, syndicats, universitaires, entreprises, etc.) pouvant syst\u00e9matiser les informations disponibles et proposer des am\u00e9liorations dans les pratiques des acteurs corporatifs de la province, est l\u2019une des avenues identifi\u00e9es. De m\u00eame, le lancement d\u2019un chantier doctrinal majeur qui permettrait de repenser la responsabilit\u00e9 sociale et environnementale des entreprises dans un contexte de crise climatique exacerb\u00e9e repr\u00e9sente une d\u00e9marche cl\u00e9 pour moderniser notre droit. Les am\u00e9liorations pourraient notamment passer par un r\u00e9gime de responsabilit\u00e9 civil renouvel\u00e9, un acc\u00e8s plus efficace \u00e0 la justice pour les communaut\u00e9s impact\u00e9es mais aussi une r\u00e9vision des textes qu\u00e9b\u00e9cois pour y inscrire les imp\u00e9ratifs sociaux et environnementaux comme des consid\u00e9rations d\u2019int\u00e9r\u00eat public sup\u00e9rieur qui doivent guider toute d\u00e9cision.<\/p>\n\n\n\n<div class=\"wp-block-buttons is-layout-flex wp-block-buttons-is-layout-flex\">\n<div class=\"wp-block-button\"><a class=\"wp-block-button__link wp-element-button\" href=\"https:\/\/ccli.ubc.ca\/fr\/resource\/le-devoir-de-vigilance-en-2025-des-avenues-pour-le-quebec\/\" target=\"_blank\" rel=\"noreferrer noopener\">Pour en savoir plus, consultez le rapport&nbsp;<\/a><\/div>\n<\/div>\n","protected":false},"excerpt":{"rendered":"<p>Le devoir de vigilance constitue une approche juridique globale visant \u00e0 mieux encadrer les impacts sociaux et environnementaux des grandes entreprises. Ces derni\u00e8res ann\u00e9es, alors que plusieurs juridictions europ\u00e9ennes ont choisi de renforcer l\u2019encadrement des entreprises \u00e9tablies sur leur territoire, c\u2019est d\u00e9sormais au tour de l\u2019Union europ\u00e9enne (UE) d\u2019instaurer un nouveau cadre pour les pratiques [&hellip;]<\/p>\n","protected":false},"author":6,"featured_media":22995,"comment_status":"closed","ping_status":"open","sticky":false,"template":"","format":"standard","meta":{"_acf_changed":false,"footnotes":""},"categories":[52],"tags":[],"class_list":["post-22986","post","type-post","status-publish","format-standard","has-post-thumbnail","hentry","category-billet-fr"],"acf":[],"yoast_head":"<!-- This site is optimized with the Yoast SEO plugin v27.5 - https:\/\/yoast.com\/product\/yoast-seo-wordpress\/ -->\n<title>Le devoir de vigilance environnementale et sociale : un outil pour mieux encadrer l&#039;impact des entreprises - Canada Climate Law Initiative<\/title>\n<meta name=\"description\" content=\"Le devoir de vigilance sociale et environnementale repose sur un ensemble de mesures visant \u00e0 identifier, pr\u00e9venir et r\u00e9parer les atteintes graves aux droits humains, aux libert\u00e9s fondamentales, \u00e0 la sant\u00e9, \u00e0 la s\u00e9curit\u00e9 des personnes ainsi qu\u2019\u00e0 l\u2019environnement.\" \/>\n<meta name=\"robots\" content=\"index, follow, max-snippet:-1, max-image-preview:large, max-video-preview:-1\" \/>\n<link rel=\"canonical\" href=\"https:\/\/ccli.ubc.ca\/fr\/le-devoir-de-vigilance-environnementale-et-sociale-un-outil-pour-mieux-encadrer-limpact-des-entreprises\/\" \/>\n<meta property=\"og:locale\" content=\"fr_FR\" \/>\n<meta property=\"og:type\" content=\"article\" \/>\n<meta property=\"og:title\" content=\"Le devoir de vigilance environnementale et sociale : un outil pour mieux encadrer l&#039;impact des entreprises\" \/>\n<meta property=\"og:description\" content=\"Le devoir de vigilance sociale et environnementale repose sur un ensemble de mesures visant \u00e0 identifier, pr\u00e9venir et r\u00e9parer les atteintes graves aux droits humains, aux libert\u00e9s fondamentales, \u00e0 la sant\u00e9, \u00e0 la s\u00e9curit\u00e9 des personnes ainsi qu\u2019\u00e0 l\u2019environnement.\" \/>\n<meta property=\"og:url\" content=\"https:\/\/ccli.ubc.ca\/fr\/le-devoir-de-vigilance-environnementale-et-sociale-un-outil-pour-mieux-encadrer-limpact-des-entreprises\/\" \/>\n<meta property=\"og:site_name\" content=\"Canada Climate Law Initiative\" \/>\n<meta property=\"article:published_time\" content=\"2025-12-02T09:47:00+00:00\" \/>\n<meta property=\"article:modified_time\" content=\"2025-12-02T17:13:02+00:00\" \/>\n<meta property=\"og:image\" content=\"https:\/\/ccli.ubc.ca\/wp-content\/uploads\/2025\/12\/this-guy-JEXyJHqDroU-unsplash-scaled.jpg\" \/>\n\t<meta property=\"og:image:width\" content=\"2560\" \/>\n\t<meta property=\"og:image:height\" content=\"1707\" \/>\n\t<meta property=\"og:image:type\" content=\"image\/jpeg\" \/>\n<meta name=\"author\" content=\"Media\" \/>\n<meta name=\"twitter:card\" content=\"summary_large_image\" \/>\n<meta name=\"twitter:title\" content=\"Le devoir de vigilance environnementale et sociale : un outil pour mieux encadrer l&#039;impact des entreprises\" \/>\n<meta name=\"twitter:description\" content=\"Le devoir de vigilance sociale et environnementale repose sur un ensemble de mesures visant \u00e0 identifier, pr\u00e9venir et r\u00e9parer les atteintes graves aux droits humains, aux libert\u00e9s fondamentales, \u00e0 la sant\u00e9, \u00e0 la s\u00e9curit\u00e9 des personnes ainsi qu\u2019\u00e0 l\u2019environnement.\" \/>\n<meta name=\"twitter:image\" content=\"https:\/\/ccli.ubc.ca\/wp-content\/uploads\/2025\/12\/jean-baptiste-d-CVs3PifGWsM-unsplash-scaled.jpg\" \/>\n<meta name=\"twitter:label1\" content=\"\u00c9crit par\" \/>\n\t<meta name=\"twitter:data1\" content=\"Media\" \/>\n\t<meta name=\"twitter:label2\" content=\"Dur\u00e9e de lecture estim\u00e9e\" \/>\n\t<meta name=\"twitter:data2\" content=\"6 minutes\" \/>\n<script type=\"application\/ld+json\" class=\"yoast-schema-graph\">{\"@context\":\"https:\\\/\\\/schema.org\",\"@graph\":[{\"@type\":\"Article\",\"@id\":\"https:\\\/\\\/ccli.ubc.ca\\\/fr\\\/le-devoir-de-vigilance-environnementale-et-sociale-un-outil-pour-mieux-encadrer-limpact-des-entreprises\\\/#article\",\"isPartOf\":{\"@id\":\"https:\\\/\\\/ccli.ubc.ca\\\/fr\\\/le-devoir-de-vigilance-environnementale-et-sociale-un-outil-pour-mieux-encadrer-limpact-des-entreprises\\\/\"},\"author\":{\"name\":\"Media\",\"@id\":\"https:\\\/\\\/ccli.ubc.ca\\\/#\\\/schema\\\/person\\\/544ea347ab0b661f84b9d76611420057\"},\"headline\":\"Le devoir de vigilance environnementale et sociale : un outil pour mieux encadrer l&rsquo;impact des entreprises\",\"datePublished\":\"2025-12-02T09:47:00+00:00\",\"dateModified\":\"2025-12-02T17:13:02+00:00\",\"mainEntityOfPage\":{\"@id\":\"https:\\\/\\\/ccli.ubc.ca\\\/fr\\\/le-devoir-de-vigilance-environnementale-et-sociale-un-outil-pour-mieux-encadrer-limpact-des-entreprises\\\/\"},\"wordCount\":1131,\"image\":{\"@id\":\"https:\\\/\\\/ccli.ubc.ca\\\/fr\\\/le-devoir-de-vigilance-environnementale-et-sociale-un-outil-pour-mieux-encadrer-limpact-des-entreprises\\\/#primaryimage\"},\"thumbnailUrl\":\"https:\\\/\\\/ccli.ubc.ca\\\/wp-content\\\/uploads\\\/2025\\\/12\\\/this-guy-JEXyJHqDroU-unsplash-scaled.jpg\",\"articleSection\":[\"Billet\"],\"inLanguage\":\"fr-FR\"},{\"@type\":\"WebPage\",\"@id\":\"https:\\\/\\\/ccli.ubc.ca\\\/fr\\\/le-devoir-de-vigilance-environnementale-et-sociale-un-outil-pour-mieux-encadrer-limpact-des-entreprises\\\/\",\"url\":\"https:\\\/\\\/ccli.ubc.ca\\\/fr\\\/le-devoir-de-vigilance-environnementale-et-sociale-un-outil-pour-mieux-encadrer-limpact-des-entreprises\\\/\",\"name\":\"Le devoir de vigilance environnementale et sociale : un outil pour mieux encadrer l'impact des entreprises - Canada Climate Law Initiative\",\"isPartOf\":{\"@id\":\"https:\\\/\\\/ccli.ubc.ca\\\/#website\"},\"primaryImageOfPage\":{\"@id\":\"https:\\\/\\\/ccli.ubc.ca\\\/fr\\\/le-devoir-de-vigilance-environnementale-et-sociale-un-outil-pour-mieux-encadrer-limpact-des-entreprises\\\/#primaryimage\"},\"image\":{\"@id\":\"https:\\\/\\\/ccli.ubc.ca\\\/fr\\\/le-devoir-de-vigilance-environnementale-et-sociale-un-outil-pour-mieux-encadrer-limpact-des-entreprises\\\/#primaryimage\"},\"thumbnailUrl\":\"https:\\\/\\\/ccli.ubc.ca\\\/wp-content\\\/uploads\\\/2025\\\/12\\\/this-guy-JEXyJHqDroU-unsplash-scaled.jpg\",\"datePublished\":\"2025-12-02T09:47:00+00:00\",\"dateModified\":\"2025-12-02T17:13:02+00:00\",\"author\":{\"@id\":\"https:\\\/\\\/ccli.ubc.ca\\\/#\\\/schema\\\/person\\\/544ea347ab0b661f84b9d76611420057\"},\"description\":\"Le devoir de vigilance sociale et environnementale repose sur un ensemble de mesures visant \u00e0 identifier, pr\u00e9venir et r\u00e9parer les atteintes graves aux droits humains, aux libert\u00e9s fondamentales, \u00e0 la sant\u00e9, \u00e0 la s\u00e9curit\u00e9 des personnes ainsi qu\u2019\u00e0 l\u2019environnement.\",\"breadcrumb\":{\"@id\":\"https:\\\/\\\/ccli.ubc.ca\\\/fr\\\/le-devoir-de-vigilance-environnementale-et-sociale-un-outil-pour-mieux-encadrer-limpact-des-entreprises\\\/#breadcrumb\"},\"inLanguage\":\"fr-FR\",\"potentialAction\":[{\"@type\":\"ReadAction\",\"target\":[\"https:\\\/\\\/ccli.ubc.ca\\\/fr\\\/le-devoir-de-vigilance-environnementale-et-sociale-un-outil-pour-mieux-encadrer-limpact-des-entreprises\\\/\"]}]},{\"@type\":\"ImageObject\",\"inLanguage\":\"fr-FR\",\"@id\":\"https:\\\/\\\/ccli.ubc.ca\\\/fr\\\/le-devoir-de-vigilance-environnementale-et-sociale-un-outil-pour-mieux-encadrer-limpact-des-entreprises\\\/#primaryimage\",\"url\":\"https:\\\/\\\/ccli.ubc.ca\\\/wp-content\\\/uploads\\\/2025\\\/12\\\/this-guy-JEXyJHqDroU-unsplash-scaled.jpg\",\"contentUrl\":\"https:\\\/\\\/ccli.ubc.ca\\\/wp-content\\\/uploads\\\/2025\\\/12\\\/this-guy-JEXyJHqDroU-unsplash-scaled.jpg\",\"width\":2560,\"height\":1707},{\"@type\":\"BreadcrumbList\",\"@id\":\"https:\\\/\\\/ccli.ubc.ca\\\/fr\\\/le-devoir-de-vigilance-environnementale-et-sociale-un-outil-pour-mieux-encadrer-limpact-des-entreprises\\\/#breadcrumb\",\"itemListElement\":[{\"@type\":\"ListItem\",\"position\":1,\"name\":\"Home\",\"item\":\"https:\\\/\\\/ccli.ubc.ca\\\/fr\\\/\"},{\"@type\":\"ListItem\",\"position\":2,\"name\":\"Le devoir de vigilance environnementale et sociale : un outil pour mieux encadrer l&#8217;impact des entreprises\"}]},{\"@type\":\"WebSite\",\"@id\":\"https:\\\/\\\/ccli.ubc.ca\\\/#website\",\"url\":\"https:\\\/\\\/ccli.ubc.ca\\\/\",\"name\":\"Canada Climate Law Initiative\",\"description\":\"Understand climate-related risks and opportunities\",\"potentialAction\":[{\"@type\":\"SearchAction\",\"target\":{\"@type\":\"EntryPoint\",\"urlTemplate\":\"https:\\\/\\\/ccli.ubc.ca\\\/?s={search_term_string}\"},\"query-input\":{\"@type\":\"PropertyValueSpecification\",\"valueRequired\":true,\"valueName\":\"search_term_string\"}}],\"inLanguage\":\"fr-FR\"},{\"@type\":\"Person\",\"@id\":\"https:\\\/\\\/ccli.ubc.ca\\\/#\\\/schema\\\/person\\\/544ea347ab0b661f84b9d76611420057\",\"name\":\"Media\",\"image\":{\"@type\":\"ImageObject\",\"inLanguage\":\"fr-FR\",\"@id\":\"https:\\\/\\\/secure.gravatar.com\\\/avatar\\\/af99ec6691026592c6060b6fe4598acb97e88bc35effa29beacc99dc0afb8601?s=96&d=mm&r=g\",\"url\":\"https:\\\/\\\/secure.gravatar.com\\\/avatar\\\/af99ec6691026592c6060b6fe4598acb97e88bc35effa29beacc99dc0afb8601?s=96&d=mm&r=g\",\"contentUrl\":\"https:\\\/\\\/secure.gravatar.com\\\/avatar\\\/af99ec6691026592c6060b6fe4598acb97e88bc35effa29beacc99dc0afb8601?s=96&d=mm&r=g\",\"caption\":\"Media\"},\"url\":\"https:\\\/\\\/ccli.ubc.ca\\\/fr\\\/author\\\/ccli\\\/\"}]}<\/script>\n<!-- \/ Yoast SEO plugin. -->","yoast_head_json":{"title":"Le devoir de vigilance environnementale et sociale : un outil pour mieux encadrer l'impact des entreprises - Canada Climate Law Initiative","description":"Le devoir de vigilance sociale et environnementale repose sur un ensemble de mesures visant \u00e0 identifier, pr\u00e9venir et r\u00e9parer les atteintes graves aux droits humains, aux libert\u00e9s fondamentales, \u00e0 la sant\u00e9, \u00e0 la s\u00e9curit\u00e9 des personnes ainsi qu\u2019\u00e0 l\u2019environnement.","robots":{"index":"index","follow":"follow","max-snippet":"max-snippet:-1","max-image-preview":"max-image-preview:large","max-video-preview":"max-video-preview:-1"},"canonical":"https:\/\/ccli.ubc.ca\/fr\/le-devoir-de-vigilance-environnementale-et-sociale-un-outil-pour-mieux-encadrer-limpact-des-entreprises\/","og_locale":"fr_FR","og_type":"article","og_title":"Le devoir de vigilance environnementale et sociale : un outil pour mieux encadrer l'impact des entreprises","og_description":"Le devoir de vigilance sociale et environnementale repose sur un ensemble de mesures visant \u00e0 identifier, pr\u00e9venir et r\u00e9parer les atteintes graves aux droits humains, aux libert\u00e9s fondamentales, \u00e0 la sant\u00e9, \u00e0 la s\u00e9curit\u00e9 des personnes ainsi qu\u2019\u00e0 l\u2019environnement.","og_url":"https:\/\/ccli.ubc.ca\/fr\/le-devoir-de-vigilance-environnementale-et-sociale-un-outil-pour-mieux-encadrer-limpact-des-entreprises\/","og_site_name":"Canada Climate Law Initiative","article_published_time":"2025-12-02T09:47:00+00:00","article_modified_time":"2025-12-02T17:13:02+00:00","og_image":[{"width":2560,"height":1707,"url":"https:\/\/ccli.ubc.ca\/wp-content\/uploads\/2025\/12\/this-guy-JEXyJHqDroU-unsplash-scaled.jpg","type":"image\/jpeg"}],"author":"Media","twitter_card":"summary_large_image","twitter_title":"Le devoir de vigilance environnementale et sociale : un outil pour mieux encadrer l'impact des entreprises","twitter_description":"Le devoir de vigilance sociale et environnementale repose sur un ensemble de mesures visant \u00e0 identifier, pr\u00e9venir et r\u00e9parer les atteintes graves aux droits humains, aux libert\u00e9s fondamentales, \u00e0 la sant\u00e9, \u00e0 la s\u00e9curit\u00e9 des personnes ainsi qu\u2019\u00e0 l\u2019environnement.","twitter_image":"https:\/\/ccli.ubc.ca\/wp-content\/uploads\/2025\/12\/jean-baptiste-d-CVs3PifGWsM-unsplash-scaled.jpg","twitter_misc":{"\u00c9crit par":"Media","Dur\u00e9e de lecture estim\u00e9e":"6 minutes"},"schema":{"@context":"https:\/\/schema.org","@graph":[{"@type":"Article","@id":"https:\/\/ccli.ubc.ca\/fr\/le-devoir-de-vigilance-environnementale-et-sociale-un-outil-pour-mieux-encadrer-limpact-des-entreprises\/#article","isPartOf":{"@id":"https:\/\/ccli.ubc.ca\/fr\/le-devoir-de-vigilance-environnementale-et-sociale-un-outil-pour-mieux-encadrer-limpact-des-entreprises\/"},"author":{"name":"Media","@id":"https:\/\/ccli.ubc.ca\/#\/schema\/person\/544ea347ab0b661f84b9d76611420057"},"headline":"Le devoir de vigilance environnementale et sociale : un outil pour mieux encadrer l&rsquo;impact des entreprises","datePublished":"2025-12-02T09:47:00+00:00","dateModified":"2025-12-02T17:13:02+00:00","mainEntityOfPage":{"@id":"https:\/\/ccli.ubc.ca\/fr\/le-devoir-de-vigilance-environnementale-et-sociale-un-outil-pour-mieux-encadrer-limpact-des-entreprises\/"},"wordCount":1131,"image":{"@id":"https:\/\/ccli.ubc.ca\/fr\/le-devoir-de-vigilance-environnementale-et-sociale-un-outil-pour-mieux-encadrer-limpact-des-entreprises\/#primaryimage"},"thumbnailUrl":"https:\/\/ccli.ubc.ca\/wp-content\/uploads\/2025\/12\/this-guy-JEXyJHqDroU-unsplash-scaled.jpg","articleSection":["Billet"],"inLanguage":"fr-FR"},{"@type":"WebPage","@id":"https:\/\/ccli.ubc.ca\/fr\/le-devoir-de-vigilance-environnementale-et-sociale-un-outil-pour-mieux-encadrer-limpact-des-entreprises\/","url":"https:\/\/ccli.ubc.ca\/fr\/le-devoir-de-vigilance-environnementale-et-sociale-un-outil-pour-mieux-encadrer-limpact-des-entreprises\/","name":"Le devoir de vigilance environnementale et sociale : un outil pour mieux encadrer l'impact des entreprises - Canada Climate Law Initiative","isPartOf":{"@id":"https:\/\/ccli.ubc.ca\/#website"},"primaryImageOfPage":{"@id":"https:\/\/ccli.ubc.ca\/fr\/le-devoir-de-vigilance-environnementale-et-sociale-un-outil-pour-mieux-encadrer-limpact-des-entreprises\/#primaryimage"},"image":{"@id":"https:\/\/ccli.ubc.ca\/fr\/le-devoir-de-vigilance-environnementale-et-sociale-un-outil-pour-mieux-encadrer-limpact-des-entreprises\/#primaryimage"},"thumbnailUrl":"https:\/\/ccli.ubc.ca\/wp-content\/uploads\/2025\/12\/this-guy-JEXyJHqDroU-unsplash-scaled.jpg","datePublished":"2025-12-02T09:47:00+00:00","dateModified":"2025-12-02T17:13:02+00:00","author":{"@id":"https:\/\/ccli.ubc.ca\/#\/schema\/person\/544ea347ab0b661f84b9d76611420057"},"description":"Le devoir de vigilance sociale et environnementale repose sur un ensemble de mesures visant \u00e0 identifier, pr\u00e9venir et r\u00e9parer les atteintes graves aux droits humains, aux libert\u00e9s fondamentales, \u00e0 la sant\u00e9, \u00e0 la s\u00e9curit\u00e9 des personnes ainsi qu\u2019\u00e0 l\u2019environnement.","breadcrumb":{"@id":"https:\/\/ccli.ubc.ca\/fr\/le-devoir-de-vigilance-environnementale-et-sociale-un-outil-pour-mieux-encadrer-limpact-des-entreprises\/#breadcrumb"},"inLanguage":"fr-FR","potentialAction":[{"@type":"ReadAction","target":["https:\/\/ccli.ubc.ca\/fr\/le-devoir-de-vigilance-environnementale-et-sociale-un-outil-pour-mieux-encadrer-limpact-des-entreprises\/"]}]},{"@type":"ImageObject","inLanguage":"fr-FR","@id":"https:\/\/ccli.ubc.ca\/fr\/le-devoir-de-vigilance-environnementale-et-sociale-un-outil-pour-mieux-encadrer-limpact-des-entreprises\/#primaryimage","url":"https:\/\/ccli.ubc.ca\/wp-content\/uploads\/2025\/12\/this-guy-JEXyJHqDroU-unsplash-scaled.jpg","contentUrl":"https:\/\/ccli.ubc.ca\/wp-content\/uploads\/2025\/12\/this-guy-JEXyJHqDroU-unsplash-scaled.jpg","width":2560,"height":1707},{"@type":"BreadcrumbList","@id":"https:\/\/ccli.ubc.ca\/fr\/le-devoir-de-vigilance-environnementale-et-sociale-un-outil-pour-mieux-encadrer-limpact-des-entreprises\/#breadcrumb","itemListElement":[{"@type":"ListItem","position":1,"name":"Home","item":"https:\/\/ccli.ubc.ca\/fr\/"},{"@type":"ListItem","position":2,"name":"Le devoir de vigilance environnementale et sociale : un outil pour mieux encadrer l&#8217;impact des entreprises"}]},{"@type":"WebSite","@id":"https:\/\/ccli.ubc.ca\/#website","url":"https:\/\/ccli.ubc.ca\/","name":"Canada Climate Law Initiative","description":"Understand climate-related risks and opportunities","potentialAction":[{"@type":"SearchAction","target":{"@type":"EntryPoint","urlTemplate":"https:\/\/ccli.ubc.ca\/?s={search_term_string}"},"query-input":{"@type":"PropertyValueSpecification","valueRequired":true,"valueName":"search_term_string"}}],"inLanguage":"fr-FR"},{"@type":"Person","@id":"https:\/\/ccli.ubc.ca\/#\/schema\/person\/544ea347ab0b661f84b9d76611420057","name":"Media","image":{"@type":"ImageObject","inLanguage":"fr-FR","@id":"https:\/\/secure.gravatar.com\/avatar\/af99ec6691026592c6060b6fe4598acb97e88bc35effa29beacc99dc0afb8601?s=96&d=mm&r=g","url":"https:\/\/secure.gravatar.com\/avatar\/af99ec6691026592c6060b6fe4598acb97e88bc35effa29beacc99dc0afb8601?s=96&d=mm&r=g","contentUrl":"https:\/\/secure.gravatar.com\/avatar\/af99ec6691026592c6060b6fe4598acb97e88bc35effa29beacc99dc0afb8601?s=96&d=mm&r=g","caption":"Media"},"url":"https:\/\/ccli.ubc.ca\/fr\/author\/ccli\/"}]}},"_links":{"self":[{"href":"https:\/\/ccli.ubc.ca\/fr\/wp-json\/wp\/v2\/posts\/22986","targetHints":{"allow":["GET"]}}],"collection":[{"href":"https:\/\/ccli.ubc.ca\/fr\/wp-json\/wp\/v2\/posts"}],"about":[{"href":"https:\/\/ccli.ubc.ca\/fr\/wp-json\/wp\/v2\/types\/post"}],"author":[{"embeddable":true,"href":"https:\/\/ccli.ubc.ca\/fr\/wp-json\/wp\/v2\/users\/6"}],"replies":[{"embeddable":true,"href":"https:\/\/ccli.ubc.ca\/fr\/wp-json\/wp\/v2\/comments?post=22986"}],"version-history":[{"count":4,"href":"https:\/\/ccli.ubc.ca\/fr\/wp-json\/wp\/v2\/posts\/22986\/revisions"}],"predecessor-version":[{"id":23016,"href":"https:\/\/ccli.ubc.ca\/fr\/wp-json\/wp\/v2\/posts\/22986\/revisions\/23016"}],"wp:featuredmedia":[{"embeddable":true,"href":"https:\/\/ccli.ubc.ca\/fr\/wp-json\/wp\/v2\/media\/22995"}],"wp:attachment":[{"href":"https:\/\/ccli.ubc.ca\/fr\/wp-json\/wp\/v2\/media?parent=22986"}],"wp:term":[{"taxonomy":"category","embeddable":true,"href":"https:\/\/ccli.ubc.ca\/fr\/wp-json\/wp\/v2\/categories?post=22986"},{"taxonomy":"post_tag","embeddable":true,"href":"https:\/\/ccli.ubc.ca\/fr\/wp-json\/wp\/v2\/tags?post=22986"}],"curies":[{"name":"wp","href":"https:\/\/api.w.org\/{rel}","templated":true}]}}